{"id":2856,"date":"2026-01-29T21:25:51","date_gmt":"2026-01-30T00:25:51","guid":{"rendered":"https:\/\/oexpressobr.com.br\/?p=2856"},"modified":"2026-01-29T21:25:53","modified_gmt":"2026-01-30T00:25:53","slug":"estudo-da-unila-revela-que-cannabis-medicinal-pode-recuperar-memoria-em-pacientes-com-alzheimer","status":"publish","type":"post","link":"https:\/\/oexpressobr.com.br\/?p=2856","title":{"rendered":"Estudo da Unila revela que cannabis medicinal pode recuperar mem\u00f3ria em pacientes com Alzheimer"},"content":{"rendered":"\n<p class=\"wp-block-paragraph\">Um avan\u00e7o cient\u00edfico brasileiro est\u00e1 trazendo novas esperan\u00e7as para o tratamento da Doen\u00e7a de Alzheimer. Pesquisadores da <strong>Universidade Federal da Integra\u00e7\u00e3o Latino-Americana (Unila)<\/strong>, em Foz do Igua\u00e7u, conclu\u00edram um estudo in\u00e9dito que demonstra a efic\u00e1cia do uso de <strong>cannabis medicinal<\/strong> na recupera\u00e7\u00e3o da mem\u00f3ria e na melhora da qualidade de vida de idosos diagnosticados com a patologia.<\/p>\n\n\n\n<p class=\"wp-block-paragraph\">\u200bA pesquisa, coordenada pelo professor <strong>Francisney Nascimento<\/strong>, do Laborat\u00f3rio de Cannabis Medicinal e Ci\u00eancia Psicod\u00e9lica (LCP), \u00e9 considerada uma das mais longas j\u00e1 realizadas no mundo com este foco. Durante seis meses, os cientistas aplicaram o m\u00e9todo &#8220;padr\u00e3o-ouro&#8221; (duplo-cego e controlado por placebo), no qual nem pacientes nem m\u00e9dicos sabiam quem recebia o extrato real da planta.<\/p>\n\n\n\n<h3 class=\"wp-block-heading\">\u200bPrincipais descobertas e benef\u00edcios<\/h3>\n\n\n\n<p class=\"wp-block-paragraph\">\u200bOs resultados publicados recentemente indicam que o uso de microdoses de extrato de cannabis \u2014 contendo uma combina\u00e7\u00e3o equilibrada de <strong>THC<\/strong> (tetra-hidrocanabinol) e <strong>CBD<\/strong> (canabidiol) \u2014 foi capaz de:<\/p>\n\n\n\n<ul class=\"wp-block-list\">\n<li>\u200b<strong>Restaurar fun\u00e7\u00f5es cognitivas:<\/strong> Pacientes apresentaram melhora significativa em testes de mem\u00f3ria, sugerindo uma poss\u00edvel regenera\u00e7\u00e3o ou prote\u00e7\u00e3o de c\u00e9lulas neuronais.<\/li>\n\n\n\n<li>\u200b<strong>Reduzir sintomas comportamentais:<\/strong> Houve uma queda acentuada na agita\u00e7\u00e3o, agressividade e ansiedade, sintomas comuns em est\u00e1gios avan\u00e7ados da doen\u00e7a.<\/li>\n\n\n\n<li>\u200b<strong>Melhorar o sono e a rotina:<\/strong> Relatos de familiares, como o de Nestor Benites (cuidador da m\u00e3e, Nair, participante do estudo), destacam que os pacientes tornaram-se mais colaborativos e tranquilos no dia a dia.<\/li>\n\n\n\n<li>\u200b<strong>Garantir seguran\u00e7a:<\/strong> As doses utilizadas foram extremamente baixas (cerca de 0,3 mg), o que evitou efeitos psicoativos ou depend\u00eancia, tornando o tratamento seguro para o p\u00fablico idoso.<\/li>\n<\/ul>\n\n\n\n<h3 class=\"wp-block-heading\">\u200bO diferencial da pesquisa paranaense<\/h3>\n\n\n\n<p class=\"wp-block-paragraph\">\u200bAo contr\u00e1rio de estudos anteriores que duraram apenas 8 ou 12 semanas e n\u00e3o mostraram resultados conclusivos, a investiga\u00e7\u00e3o da Unila estendeu-se por <strong>26 semanas<\/strong>. Segundo o professor Nascimento, esse tempo foi crucial para observar a estabiliza\u00e7\u00e3o e a recupera\u00e7\u00e3o real dos pacientes. Al\u00e9m disso, o estudo utilizou o extrato de espectro total da planta, fornecido pela associa\u00e7\u00e3o <strong>Abrace Esperan\u00e7a<\/strong>, em vez de subst\u00e2ncias isoladas em laborat\u00f3rio.<\/p>\n\n\n\n<blockquote class=\"wp-block-quote is-layout-flow wp-block-quote-is-layout-flow\">\n<p class=\"wp-block-paragraph\">\u200b&#8221;Estamos demonstrando que a cannabis tem potencial e pode tratar o Alzheimer&#8221;, afirma Francisney Nascimento.<\/p>\n<\/blockquote>\n\n\n\n<h3 class=\"wp-block-heading\">\u200bNovidades regulat\u00f3rias e futuro<\/h3>\n\n\n\n<p class=\"wp-block-paragraph\">\u200bA divulga\u00e7\u00e3o dos resultados coincide com um marco importante no Brasil. Em <strong>janeiro de 2026<\/strong>, a <strong>Anvisa<\/strong> aprovou novas regras que permitem o cultivo de cannabis medicinal por universidades e institui\u00e7\u00f5es de pesquisa no pa\u00eds. A medida deve acelerar a produ\u00e7\u00e3o nacional de medicamentos e baratear o acesso, j\u00e1 que, atualmente, muitos pacientes dependem de importa\u00e7\u00f5es ou doa\u00e7\u00f5es de associa\u00e7\u00f5es.<\/p>\n\n\n\n<p class=\"wp-block-paragraph\">\u200bUma nova fase da pesquisa j\u00e1 foi iniciada na Unila, ampliando o grupo de estudo para <strong>70 volunt\u00e1rios<\/strong>, com o objetivo de refinar as dosagens e consolidar os protocolos para o uso em larga escala pelo sistema de sa\u00fade.<\/p>\n","protected":false},"excerpt":{"rendered":"<p>Um avan\u00e7o cient\u00edfico brasileiro est\u00e1 trazendo novas esperan\u00e7as para o tratamento da Doen\u00e7a de Alzheimer. Pesquisadores da Universidade Federal da Integra\u00e7\u00e3o Latino-Americana (Unila), em Foz [&#8230;]<\/p>\n","protected":false},"author":1,"featured_media":2857,"comment_status":"open","ping_status":"open","sticky":false,"template":"","format":"standard","meta":{"_crdt_document":"","_jetpack_memberships_contains_paid_content":false,"footnotes":"","jetpack_publicize_message":"","jetpack_publicize_feature_enabled":true,"jetpack_social_post_already_shared":true,"jetpack_social_options":{"image_generator_settings":{"template":"highway","default_image_id":0,"font":"","enabled":false},"version":2}},"categories":[18],"tags":[],"class_list":["post-2856","post","type-post","status-publish","format-standard","has-post-thumbnail","hentry","category-saude"],"jetpack_publicize_connections":[],"jetpack_featured_media_url":"https:\/\/i0.wp.com\/oexpressobr.com.br\/wp-content\/uploads\/2026\/01\/whatsapp-image-2025-12-11-at-09.46.07-1-.jpeg?fit=984%2C656&ssl=1","jetpack_likes_enabled":true,"jetpack_sharing_enabled":true,"_links":{"self":[{"href":"https:\/\/oexpressobr.com.br\/index.php?rest_route=\/wp\/v2\/posts\/2856","targetHints":{"allow":["GET"]}}],"collection":[{"href":"https:\/\/oexpressobr.com.br\/index.php?rest_route=\/wp\/v2\/posts"}],"about":[{"href":"https:\/\/oexpressobr.com.br\/index.php?rest_route=\/wp\/v2\/types\/post"}],"author":[{"embeddable":true,"href":"https:\/\/oexpressobr.com.br\/index.php?rest_route=\/wp\/v2\/users\/1"}],"replies":[{"embeddable":true,"href":"https:\/\/oexpressobr.com.br\/index.php?rest_route=%2Fwp%2Fv2%2Fcomments&post=2856"}],"version-history":[{"count":1,"href":"https:\/\/oexpressobr.com.br\/index.php?rest_route=\/wp\/v2\/posts\/2856\/revisions"}],"predecessor-version":[{"id":2858,"href":"https:\/\/oexpressobr.com.br\/index.php?rest_route=\/wp\/v2\/posts\/2856\/revisions\/2858"}],"wp:featuredmedia":[{"embeddable":true,"href":"https:\/\/oexpressobr.com.br\/index.php?rest_route=\/wp\/v2\/media\/2857"}],"wp:attachment":[{"href":"https:\/\/oexpressobr.com.br\/index.php?rest_route=%2Fwp%2Fv2%2Fmedia&parent=2856"}],"wp:term":[{"taxonomy":"category","embeddable":true,"href":"https:\/\/oexpressobr.com.br\/index.php?rest_route=%2Fwp%2Fv2%2Fcategories&post=2856"},{"taxonomy":"post_tag","embeddable":true,"href":"https:\/\/oexpressobr.com.br\/index.php?rest_route=%2Fwp%2Fv2%2Ftags&post=2856"}],"curies":[{"name":"wp","href":"https:\/\/api.w.org\/{rel}","templated":true}]}}