{"id":2862,"date":"2026-01-29T21:56:50","date_gmt":"2026-01-30T00:56:50","guid":{"rendered":"https:\/\/oexpressobr.com.br\/?p=2862"},"modified":"2026-01-29T21:56:51","modified_gmt":"2026-01-30T00:56:51","slug":"governo-do-parana-e-universidades-estaduais-abrem-37-mil-vagas-pelo-sistema-aprova-parana","status":"publish","type":"post","link":"https:\/\/oexpressobr.com.br\/?p=2862","title":{"rendered":"Governo do Paran\u00e1 e universidades estaduais abrem 3,7 mil vagas pelo Sistema Aprova Paran\u00e1"},"content":{"rendered":"\n<p class=\"wp-block-paragraph\">Come\u00e7ou na quinta-feira (29) o per\u00edodo de inscri\u00e7\u00f5es para o <strong>Aprova Paran\u00e1 Universidades<\/strong>, programa que facilita o acesso de estudantes da rede p\u00fablica paranaense ao ensino superior. O sistema unificado do Governo do Estado oferece <strong>3.757 vagas<\/strong> em 440 cursos de gradua\u00e7\u00e3o, distribu\u00eddas entre as sete universidades estaduais.<\/p>\n\n\n\n<p class=\"wp-block-paragraph\">\u200bAs inscri\u00e7\u00f5es devem ser realizadas exclusivamente pela internet at\u00e9 o dia <strong>2 de fevereiro<\/strong>.<\/p>\n\n\n\n<h3 class=\"wp-block-heading\">\u200bComo funciona o processo seletivo<\/h3>\n\n\n\n<p class=\"wp-block-paragraph\">\u200bDiferente do vestibular tradicional, o Aprova Paran\u00e1 utiliza o desempenho dos estudantes na <strong>Prova Paran\u00e1 Mais<\/strong>, aplicada em novembro de 2025. O programa \u00e9 uma a\u00e7\u00e3o estrat\u00e9gica da Secretaria de Estado da Educa\u00e7\u00e3o (Seed) e da Secretaria da Ci\u00eancia, Tecnologia e Ensino Superior (Seti) para democratizar o acesso \u00e0 universidade.<\/p>\n\n\n\n<p class=\"wp-block-paragraph\">\u200b<strong>Regras principais:<\/strong><\/p>\n\n\n\n<ul class=\"wp-block-list\">\n<li>\u200b<strong>P\u00fablico-alvo:<\/strong> Alunos que conclu\u00edram o ensino m\u00e9dio na rede estadual de ensino.<\/li>\n\n\n\n<li>\u200b<strong>Cursos:<\/strong> O candidato pode escolher at\u00e9 <strong>duas op\u00e7\u00f5es<\/strong> de cursos e institui\u00e7\u00f5es.<\/li>\n\n\n\n<li>\u200b<strong>Crit\u00e9rio:<\/strong> \u00c9 necess\u00e1rio ter realizado a Prova Paran\u00e1 Mais e n\u00e3o ter zerado a reda\u00e7\u00e3o.<\/li>\n\n\n\n<li>\u200b<strong>Ranking Din\u00e2mico:<\/strong> Durante o per\u00edodo de inscri\u00e7\u00e3o, o sistema atualiza diariamente a nota de corte e a posi\u00e7\u00e3o dos candidatos, permitindo que o estudante altere suas op\u00e7\u00f5es para aumentar as chances de aprova\u00e7\u00e3o.<\/li>\n<\/ul>\n\n\n\n<h3 class=\"wp-block-heading\">\u200bUniversidades participantes<\/h3>\n\n\n\n<p class=\"wp-block-paragraph\">\u200bAo todo, sete institui\u00e7\u00f5es participam desta edi\u00e7\u00e3o, reservando 20% de suas vagas para o programa:<\/p>\n\n\n\n<ol class=\"wp-block-list\">\n<li>\u200b<strong>UEL<\/strong> (Universidade Estadual de Londrina) \u2013 <em>598 vagas dispon\u00edveis<\/em>;<\/li>\n\n\n\n<li>\u200b<strong>UEM<\/strong> (Universidade Estadual de Maring\u00e1);<\/li>\n\n\n\n<li>\u200b<strong>UEPG<\/strong> (Universidade Estadual de Ponta Grossa);<\/li>\n\n\n\n<li>\u200b<strong>Unioeste<\/strong> (Universidade Estadual do Oeste do Paran\u00e1);<\/li>\n\n\n\n<li>\u200b<strong>Unicentro<\/strong> (Universidade Estadual do Centro-Oeste);<\/li>\n\n\n\n<li>\u200b<strong>UENP<\/strong> (Universidade Estadual do Norte do Paran\u00e1);<\/li>\n\n\n\n<li>\u200b<strong>Unespar<\/strong> (Universidade Estadual do Paran\u00e1).<\/li>\n\n\n\n<li>\u200b<strong>Inscri\u00e7\u00f5es:<\/strong> De 29 de janeiro a 02 de fevereiro de 2026.<\/li>\n\n\n\n<li>\u200b<strong>Onde se inscrever:<\/strong> No site oficial <a href=\"http:\/\/aprova.pr.gov.br\">aprova.pr.gov.br<\/a>.<\/li>\n\n\n\n<li>\u200b<strong>Dica:<\/strong> A orienta\u00e7\u00e3o \u00e9 n\u00e3o deixar para o \u00faltimo momento, j\u00e1 que o ranking din\u00e2mico permite ajustes estrat\u00e9gicos nas op\u00e7\u00f5es de curso conforme a concorr\u00eancia.<\/li>\n<\/ol>\n","protected":false},"excerpt":{"rendered":"<p>Come\u00e7ou na quinta-feira (29) o per\u00edodo de inscri\u00e7\u00f5es para o Aprova Paran\u00e1 Universidades, programa que facilita o acesso de estudantes da rede p\u00fablica paranaense ao [&#8230;]<\/p>\n","protected":false},"author":1,"featured_media":2863,"comment_status":"open","ping_status":"open","sticky":false,"template":"","format":"standard","meta":{"_crdt_document":"","_jetpack_memberships_contains_paid_content":false,"footnotes":"","jetpack_publicize_message":"","jetpack_publicize_feature_enabled":true,"jetpack_social_post_already_shared":true,"jetpack_social_options":{"image_generator_settings":{"template":"highway","default_image_id":0,"font":"","enabled":false},"version":2}},"categories":[6],"tags":[],"class_list":["post-2862","post","type-post","status-publish","format-standard","has-post-thumbnail","hentry","category-educacao"],"jetpack_publicize_connections":[],"jetpack_featured_media_url":"https:\/\/i0.wp.com\/oexpressobr.com.br\/wp-content\/uploads\/2026\/01\/universidades-pr.jpeg?fit=984%2C662&ssl=1","jetpack_likes_enabled":true,"jetpack_sharing_enabled":true,"_links":{"self":[{"href":"https:\/\/oexpressobr.com.br\/index.php?rest_route=\/wp\/v2\/posts\/2862","targetHints":{"allow":["GET"]}}],"collection":[{"href":"https:\/\/oexpressobr.com.br\/index.php?rest_route=\/wp\/v2\/posts"}],"about":[{"href":"https:\/\/oexpressobr.com.br\/index.php?rest_route=\/wp\/v2\/types\/post"}],"author":[{"embeddable":true,"href":"https:\/\/oexpressobr.com.br\/index.php?rest_route=\/wp\/v2\/users\/1"}],"replies":[{"embeddable":true,"href":"https:\/\/oexpressobr.com.br\/index.php?rest_route=%2Fwp%2Fv2%2Fcomments&post=2862"}],"version-history":[{"count":1,"href":"https:\/\/oexpressobr.com.br\/index.php?rest_route=\/wp\/v2\/posts\/2862\/revisions"}],"predecessor-version":[{"id":2864,"href":"https:\/\/oexpressobr.com.br\/index.php?rest_route=\/wp\/v2\/posts\/2862\/revisions\/2864"}],"wp:featuredmedia":[{"embeddable":true,"href":"https:\/\/oexpressobr.com.br\/index.php?rest_route=\/wp\/v2\/media\/2863"}],"wp:attachment":[{"href":"https:\/\/oexpressobr.com.br\/index.php?rest_route=%2Fwp%2Fv2%2Fmedia&parent=2862"}],"wp:term":[{"taxonomy":"category","embeddable":true,"href":"https:\/\/oexpressobr.com.br\/index.php?rest_route=%2Fwp%2Fv2%2Fcategories&post=2862"},{"taxonomy":"post_tag","embeddable":true,"href":"https:\/\/oexpressobr.com.br\/index.php?rest_route=%2Fwp%2Fv2%2Ftags&post=2862"}],"curies":[{"name":"wp","href":"https:\/\/api.w.org\/{rel}","templated":true}]}}