{"id":2865,"date":"2026-01-29T22:04:24","date_gmt":"2026-01-30T01:04:24","guid":{"rendered":"https:\/\/oexpressobr.com.br\/?p=2865"},"modified":"2026-01-29T22:04:25","modified_gmt":"2026-01-30T01:04:25","slug":"kassab-cobra-autonomia-de-tarcisio-e-alerta-sobre-submissao-a-bolsonaro","status":"publish","type":"post","link":"https:\/\/oexpressobr.com.br\/?p=2865","title":{"rendered":"Kassab cobra autonomia de Tarc\u00edsio e alerta sobre submiss\u00e3o a Bolsonaro"},"content":{"rendered":"\n<p class=\"wp-block-paragraph\">Em um movimento que recalibra as expectativas para as elei\u00e7\u00f5es de 2026, o presidente nacional do PSD e secret\u00e1rio de Governo paulista, <strong>Gilberto Kassab<\/strong>, enviou um recado direto ao governador <strong>Tarc\u00edsio de Freitas (Republicanos)<\/strong>. Para o cacique pol\u00edtico, embora a gratid\u00e3o a <strong>Jair Bolsonaro<\/strong> seja leg\u00edtima, Tarc\u00edsio precisa consolidar uma &#8220;identidade pr\u00f3pria&#8221; para evitar que sua gest\u00e3o e futuras ambi\u00e7\u00f5es sejam ofuscadas por uma postura de submiss\u00e3o.<\/p>\n\n\n\n<p class=\"wp-block-paragraph\">\u200bAs declara\u00e7\u00f5es ocorrem em um momento de alta voltagem pol\u00edtica, com o cen\u00e1rio para a sucess\u00e3o presidencial come\u00e7ando a ganhar contornos definitivos.<\/p>\n\n\n\n<h3 class=\"wp-block-heading\">\u200bGratid\u00e3o vs. Autonomia<\/h3>\n\n\n\n<p class=\"wp-block-paragraph\">\u200bKassab, conhecido por sua habilidade de articula\u00e7\u00e3o no centro, refor\u00e7ou que o reconhecimento pelo apoio que levou Tarc\u00edsio ao Pal\u00e1cio dos Bandeirantes \u00e9 ineg\u00e1vel, mas n\u00e3o deve se transformar em depend\u00eancia.<\/p>\n\n\n\n<ul class=\"wp-block-list\">\n<li>\u200b<strong>O argumento de Kassab:<\/strong> &#8220;Gratid\u00e3o \u00e9 uma coisa, submiss\u00e3o \u00e9 outra&#8221;, pontuou o secret\u00e1rio. Para ele, o governador de S\u00e3o Paulo possui capital pol\u00edtico suficiente para se apresentar como uma lideran\u00e7a aut\u00f4noma, especialmente se desejar atrair o eleitorado moderado que hoje rejeita a polariza\u00e7\u00e3o radical.<\/li>\n\n\n\n<li>\u200b<strong>O contexto do PSD:<\/strong> O partido de Kassab tem se fortalecido como uma alternativa de centro e j\u00e1 sinalizou que, embora apoie a reelei\u00e7\u00e3o de Tarc\u00edsio em SP, mant\u00e9m o nome de <strong>Ratinho J\u00fanior (PR)<\/strong> e agora de <strong>Ronaldo Caiado (GO)<\/strong> \u2014 que se filiou recentemente \u00e0 legenda \u2014 como poss\u00edveis prefeitur\u00e1veis ao Planalto.<\/li>\n<\/ul>\n\n\n\n<h3 class=\"wp-block-heading\">\u200bO fator 2026: Tarc\u00edsio foca em SP, Bolsonaro mira Fl\u00e1vio<\/h3>\n\n\n\n<p class=\"wp-block-paragraph\">\u200bEnquanto Kassab cobra identidade, Tarc\u00edsio de Freitas mant\u00e9m um discurso de lealdade estrita. Nesta quinta-feira (29), ap\u00f3s visitar o ex-presidente Jair Bolsonaro em Bras\u00edlia, o governador reafirmou:<\/p>\n\n\n\n<ol class=\"wp-block-list\">\n<li>\u200b<strong>Foco Estadual:<\/strong> Tarc\u00edsio declarou que sua prioridade absoluta \u00e9 a <strong>reelei\u00e7\u00e3o ao governo de S\u00e3o Paulo<\/strong>, descartando disputar a Presid\u00eancia mesmo que Bolsonaro pe\u00e7a.<\/li>\n\n\n\n<li>\u200b<strong>Apoio a Fl\u00e1vio Bolsonaro:<\/strong> O governador chancelou o nome do senador Fl\u00e1vio Bolsonaro (PL) como o candidato natural do grupo para enfrentar o presidente Lula em 2026, afirmando que o projeto da direita deve seguir unido sob a batuta da fam\u00edlia Bolsonaro.<\/li>\n<\/ol>\n\n\n\n<blockquote class=\"wp-block-quote is-layout-flow wp-block-quote-is-layout-flow\">\n<p class=\"wp-block-paragraph\">\u200b&#8221;Uma personalidade como ele, que \u00e9 governador de S\u00e3o Paulo e legitimamente tem as pretens\u00f5es de comandar o Pa\u00eds um dia, precisa mostrar que tem a sua identidade.&#8221; \u2014 <strong>Gilberto Kassab<\/strong><\/p>\n<\/blockquote>\n\n\n\n<p class=\"wp-block-paragraph\">\u200bA fala de Kassab \u00e9 vista por analistas como uma tentativa de &#8220;desbolsonarizar&#8221; a imagem de Tarc\u00edsio para torn\u00e1-lo um nome mais palat\u00e1vel fora da bolha da direita raiz, garantindo que o governador n\u00e3o fique ref\u00e9m das decis\u00f5es do cl\u00e3 Bolsonaro caso o cen\u00e1rio nacional mude at\u00e9 o pr\u00f3ximo ano.<\/p>\n","protected":false},"excerpt":{"rendered":"<p>Em um movimento que recalibra as expectativas para as elei\u00e7\u00f5es de 2026, o presidente nacional do PSD e secret\u00e1rio de Governo paulista, Gilberto Kassab, enviou [&#8230;]<\/p>\n","protected":false},"author":1,"featured_media":2866,"comment_status":"open","ping_status":"open","sticky":false,"template":"","format":"standard","meta":{"_crdt_document":"","_jetpack_memberships_contains_paid_content":false,"footnotes":"","jetpack_publicize_message":"","jetpack_publicize_feature_enabled":true,"jetpack_social_post_already_shared":true,"jetpack_social_options":{"image_generator_settings":{"template":"highway","default_image_id":0,"font":"","enabled":false},"version":2}},"categories":[7],"tags":[],"class_list":["post-2865","post","type-post","status-publish","format-standard","has-post-thumbnail","hentry","category-politica"],"jetpack_publicize_connections":[],"jetpack_featured_media_url":"https:\/\/i0.wp.com\/oexpressobr.com.br\/wp-content\/uploads\/2026\/01\/IMG-20260129-WA0307.jpg?fit=389%2C471&ssl=1","jetpack_likes_enabled":true,"jetpack_sharing_enabled":true,"_links":{"self":[{"href":"https:\/\/oexpressobr.com.br\/index.php?rest_route=\/wp\/v2\/posts\/2865","targetHints":{"allow":["GET"]}}],"collection":[{"href":"https:\/\/oexpressobr.com.br\/index.php?rest_route=\/wp\/v2\/posts"}],"about":[{"href":"https:\/\/oexpressobr.com.br\/index.php?rest_route=\/wp\/v2\/types\/post"}],"author":[{"embeddable":true,"href":"https:\/\/oexpressobr.com.br\/index.php?rest_route=\/wp\/v2\/users\/1"}],"replies":[{"embeddable":true,"href":"https:\/\/oexpressobr.com.br\/index.php?rest_route=%2Fwp%2Fv2%2Fcomments&post=2865"}],"version-history":[{"count":1,"href":"https:\/\/oexpressobr.com.br\/index.php?rest_route=\/wp\/v2\/posts\/2865\/revisions"}],"predecessor-version":[{"id":2867,"href":"https:\/\/oexpressobr.com.br\/index.php?rest_route=\/wp\/v2\/posts\/2865\/revisions\/2867"}],"wp:featuredmedia":[{"embeddable":true,"href":"https:\/\/oexpressobr.com.br\/index.php?rest_route=\/wp\/v2\/media\/2866"}],"wp:attachment":[{"href":"https:\/\/oexpressobr.com.br\/index.php?rest_route=%2Fwp%2Fv2%2Fmedia&parent=2865"}],"wp:term":[{"taxonomy":"category","embeddable":true,"href":"https:\/\/oexpressobr.com.br\/index.php?rest_route=%2Fwp%2Fv2%2Fcategories&post=2865"},{"taxonomy":"post_tag","embeddable":true,"href":"https:\/\/oexpressobr.com.br\/index.php?rest_route=%2Fwp%2Fv2%2Ftags&post=2865"}],"curies":[{"name":"wp","href":"https:\/\/api.w.org\/{rel}","templated":true}]}}