{"id":2868,"date":"2026-01-29T22:08:59","date_gmt":"2026-01-30T01:08:59","guid":{"rendered":"https:\/\/oexpressobr.com.br\/?p=2868"},"modified":"2026-01-29T22:09:00","modified_gmt":"2026-01-30T01:09:00","slug":"ministerio-publico-denuncia-rogerio-andrade-e-prende-policiais-militares-por-seguranca-armada-do-jogo-do-bicho-no-rio","status":"publish","type":"post","link":"https:\/\/oexpressobr.com.br\/?p=2868","title":{"rendered":"Minist\u00e9rio P\u00fablico denuncia Rog\u00e9rio Andrade e prende policiais militares por seguran\u00e7a armada do jogo do bicho no Rio"},"content":{"rendered":"\n<p class=\"wp-block-paragraph\">Em um novo desdobramento no combate \u00e0 c\u00fapula do jogo do bicho, o Minist\u00e9rio P\u00fablico do Estado do Rio de Janeiro (MPRJ) deflagrou, na manh\u00e3 desta quinta-feira (29 de janeiro de 2026), a segunda fase da <strong>Opera\u00e7\u00e3o Pretorianos<\/strong>. A a\u00e7\u00e3o resultou na den\u00fancia do contraventor <strong>Rog\u00e9rio Andrade<\/strong> e na pris\u00e3o de dois policiais militares aposentados, acusados de integrar uma rede de guarda armada e monitoramento a servi\u00e7o da organiza\u00e7\u00e3o criminosa.<\/p>\n\n\n\n<p class=\"wp-block-paragraph\">\u200bOs policiais presos foram identificados como <strong>Carlos Andr\u00e9 Carneiro de Souza<\/strong> (conhecido como Carneiro) e <strong>Marcos Antonio de Oliveira Machado<\/strong> (o Machado). Segundo as investiga\u00e7\u00f5es do Grupo de Atua\u00e7\u00e3o Especial de Combate ao Crime Organizado (Gaeco), os agentes prestavam servi\u00e7os de seguran\u00e7a pessoal direta a Rog\u00e9rio Andrade e seus familiares, al\u00e9m de atuarem na escolta de valores oriundos da explora\u00e7\u00e3o de jogos de azar.<\/p>\n\n\n\n<h3 class=\"wp-block-heading\">\u200bA estrutura da &#8220;Guarda Pretoriana&#8221;<\/h3>\n\n\n\n<p class=\"wp-block-paragraph\">\u200bO nome da opera\u00e7\u00e3o \u00e9 uma refer\u00eancia \u00e0 Guarda Pretoriana da Roma Antiga, unidade de elite dedicada \u00e0 prote\u00e7\u00e3o dos imperadores. No contexto carioca, o Gaeco aponta que Rog\u00e9rio Andrade mantinha uma estrutura similar, utilizando agentes de seguran\u00e7a p\u00fablica \u2014 ativos e inativos \u2014 para blindar seu &#8220;imp\u00e9rio&#8221; e monitorar autoridades.<\/p>\n\n\n\n<p class=\"wp-block-paragraph\">\u200bA den\u00fancia detalha que o grupo tamb\u00e9m subornava policiais da ativa para obter informa\u00e7\u00f5es privilegiadas sobre opera\u00e7\u00f5es policiais, permitindo que a organiza\u00e7\u00e3o antecipasse batidas e protegesse seus pontos de bicho e m\u00e1quinas de ca\u00e7a-n\u00edqueis.<\/p>\n\n\n\n<h3 class=\"wp-block-heading\">\u200bContexto e isolamento de Rog\u00e9rio Andrade<\/h3>\n\n\n\n<p class=\"wp-block-paragraph\">\u200bRog\u00e9rio Andrade, sobrinho do lend\u00e1rio Castor de Andrade, j\u00e1 se encontra custodiado em um pres\u00eddio federal de seguran\u00e7a m\u00e1xima em Campo Grande (MS). Ele foi transferido para a unidade ap\u00f3s ser acusado de ser o mandante do assassinato de seu rival, Fernando Iggn\u00e1cio, em 2020.<\/p>\n\n\n\n<p class=\"wp-block-paragraph\">\u200bMesmo encarcerado, as autoridades acreditam que Andrade ainda exercia influ\u00eancia sobre a estrutura log\u00edstica do grupo. Este novo mandado de pris\u00e3o e a den\u00fancia por organiza\u00e7\u00e3o criminosa visam asfixiar a rede de apoio que sustenta as atividades il\u00edcitas e a corrup\u00e7\u00e3o de agentes estatais.<\/p>\n\n\n\n<h3 class=\"wp-block-heading\">\u200b\u00daltimas atualiza\u00e7\u00f5es<\/h3>\n\n\n\n<ul class=\"wp-block-list\">\n<li>\u200b<strong>Novas Provas:<\/strong> A investiga\u00e7\u00e3o avan\u00e7ou com a an\u00e1lise de dados telem\u00e1ticos e documentos apreendidos na primeira fase da opera\u00e7\u00e3o, ocorrida em 2024, que revelaram a rotina de pagamentos e a escala de servi\u00e7o dos seguran\u00e7as.<\/li>\n\n\n\n<li>\u200b<strong>Corregedoria:<\/strong> A Corregedoria da Pol\u00edcia Militar acompanhou o cumprimento dos mandados. Os PMs aposentados foram encaminhados para unidades prisionais da corpora\u00e7\u00e3o.<\/li>\n\n\n\n<li>\u200b<strong>Defesa:<\/strong> At\u00e9 o fechamento desta edi\u00e7\u00e3o, a defesa de Rog\u00e9rio Andrade e dos policiais citados n\u00e3o havia emitido um posicionamento oficial sobre as novas acusa\u00e7\u00f5es.<\/li>\n<\/ul>\n\n\n\n<p class=\"wp-block-paragraph\">\u200bA opera\u00e7\u00e3o refor\u00e7a o cerco jur\u00eddico contra os principais nomes da contraven\u00e7\u00e3o fluminense, que enfrentam uma ofensiva sem precedentes coordenada entre o MPRJ, a Pol\u00edcia Civil e a Pol\u00edcia Federal.<\/p>\n","protected":false},"excerpt":{"rendered":"<p>Em um novo desdobramento no combate \u00e0 c\u00fapula do jogo do bicho, o Minist\u00e9rio P\u00fablico do Estado do Rio de Janeiro (MPRJ) deflagrou, na manh\u00e3 [&#8230;]<\/p>\n","protected":false},"author":1,"featured_media":2869,"comment_status":"open","ping_status":"open","sticky":false,"template":"","format":"standard","meta":{"_crdt_document":"","_jetpack_memberships_contains_paid_content":false,"footnotes":"","jetpack_publicize_message":"","jetpack_publicize_feature_enabled":true,"jetpack_social_post_already_shared":true,"jetpack_social_options":{"image_generator_settings":{"template":"highway","default_image_id":0,"font":"","enabled":false},"version":2}},"categories":[9],"tags":[],"class_list":["post-2868","post","type-post","status-publish","format-standard","has-post-thumbnail","hentry","category-policia"],"jetpack_publicize_connections":[],"jetpack_featured_media_url":"https:\/\/i0.wp.com\/oexpressobr.com.br\/wp-content\/uploads\/2026\/01\/IMG-20260129-WA0315.jpg?fit=1600%2C957&ssl=1","jetpack_likes_enabled":true,"jetpack_sharing_enabled":true,"_links":{"self":[{"href":"https:\/\/oexpressobr.com.br\/index.php?rest_route=\/wp\/v2\/posts\/2868","targetHints":{"allow":["GET"]}}],"collection":[{"href":"https:\/\/oexpressobr.com.br\/index.php?rest_route=\/wp\/v2\/posts"}],"about":[{"href":"https:\/\/oexpressobr.com.br\/index.php?rest_route=\/wp\/v2\/types\/post"}],"author":[{"embeddable":true,"href":"https:\/\/oexpressobr.com.br\/index.php?rest_route=\/wp\/v2\/users\/1"}],"replies":[{"embeddable":true,"href":"https:\/\/oexpressobr.com.br\/index.php?rest_route=%2Fwp%2Fv2%2Fcomments&post=2868"}],"version-history":[{"count":1,"href":"https:\/\/oexpressobr.com.br\/index.php?rest_route=\/wp\/v2\/posts\/2868\/revisions"}],"predecessor-version":[{"id":2870,"href":"https:\/\/oexpressobr.com.br\/index.php?rest_route=\/wp\/v2\/posts\/2868\/revisions\/2870"}],"wp:featuredmedia":[{"embeddable":true,"href":"https:\/\/oexpressobr.com.br\/index.php?rest_route=\/wp\/v2\/media\/2869"}],"wp:attachment":[{"href":"https:\/\/oexpressobr.com.br\/index.php?rest_route=%2Fwp%2Fv2%2Fmedia&parent=2868"}],"wp:term":[{"taxonomy":"category","embeddable":true,"href":"https:\/\/oexpressobr.com.br\/index.php?rest_route=%2Fwp%2Fv2%2Fcategories&post=2868"},{"taxonomy":"post_tag","embeddable":true,"href":"https:\/\/oexpressobr.com.br\/index.php?rest_route=%2Fwp%2Fv2%2Ftags&post=2868"}],"curies":[{"name":"wp","href":"https:\/\/api.w.org\/{rel}","templated":true}]}}