{"id":287,"date":"2025-12-03T12:36:43","date_gmt":"2025-12-03T15:36:43","guid":{"rendered":"https:\/\/oexpressobr.com.br\/?p=287"},"modified":"2025-12-03T12:36:44","modified_gmt":"2025-12-03T15:36:44","slug":"explosao-por-vazamento-de-gas-fere-funcionario-luiz-carlos-gust-no-frigorifico-frigorosa-em-nova-santa-rosa","status":"publish","type":"post","link":"https:\/\/oexpressobr.com.br\/?p=287","title":{"rendered":"Explos\u00e3o Por Vazamento De G\u00e1s Fere Funcion\u00e1rio Luiz Carlos Gust No Frigor\u00edfico Frigorosa, Em Nova Santa Rosa"},"content":{"rendered":"\n<p class=\"wp-block-paragraph\">Uma <strong>explos\u00e3o por vazamento de g\u00e1s<\/strong> feriu gravemente o funcion\u00e1rio <strong>Luiz Carlos Gust<\/strong>, de 42 anos, na manh\u00e3 desta quarta-feira (3), no <strong>Frigor\u00edfico Frigorosa<\/strong>, localizado em Nova Santa Rosa, no oeste do Paran\u00e1. O acidente, que mobilizou equipes de resgate e autoridades locais, teria sido provocado por um vazamento em um dos fornos do estabelecimento.<\/p>\n\n\n\n<h3 class=\"wp-block-heading\">\u200bO Acidente<\/h3>\n\n\n\n<p class=\"wp-block-paragraph\">\u200bDe acordo com informa\u00e7\u00f5es fornecidas pela pr\u00f3pria empresa e apuradas pela imprensa local, a explos\u00e3o ocorreu no momento em que Luiz Carlos Gust acessou o setor da caldeira e acendeu a luz. A fa\u00edsca el\u00e9trica, em contato com o g\u00e1s acumulado no ambiente, desencadeou a forte explos\u00e3o.<\/p>\n\n\n\n<p class=\"wp-block-paragraph\">\u200bLuiz Carlos Gust sofreu <strong>queimaduras<\/strong> e foi prontamente socorrido. Duas ambul\u00e2ncias foram acionadas para atender a ocorr\u00eancia. Inicialmente, o trabalhador foi encaminhado ao <strong>Hospital Bom Pastor<\/strong> em Nova Santa Rosa para avalia\u00e7\u00e3o m\u00e9dica, onde as primeiras informa\u00e7\u00f5es indicavam ferimentos moderados.<\/p>\n\n\n\n<h3 class=\"wp-block-heading\">\u200bAtualiza\u00e7\u00f5es e Transfer\u00eancia<\/h3>\n\n\n\n<p class=\"wp-block-paragraph\">\u200bDevido \u00e0 natureza dos ferimentos, foi necess\u00e1rio mobilizar a UTI M\u00f3vel do Samu. A \u00faltima atualiza\u00e7\u00e3o sobre o caso indica que o funcion\u00e1rio Luiz Carlos Gust ser\u00e1 <strong>transferido para um hospital em Cascavel<\/strong>, especializado no tratamento de v\u00edtimas de queimaduras, para receber atendimento mais detalhado e intensivo.<\/p>\n\n\n\n<p class=\"wp-block-paragraph\">\u200bAl\u00e9m do funcion\u00e1rio ferido, a estrutura do frigor\u00edfico tamb\u00e9m sofreu <strong>preju\u00edzos<\/strong> que ainda est\u00e3o sendo avaliados. Uma viatura do Corpo de Bombeiros e um caminh\u00e3o ABTR (Auto Bomba Tanque e Resgate) estiveram no local para garantir a seguran\u00e7a e prestar apoio.<\/p>\n\n\n\n<p class=\"wp-block-paragraph\">\u200bAs causas exatas do vazamento de g\u00e1s no forno ainda est\u00e3o sob investiga\u00e7\u00e3o.<\/p>\n","protected":false},"excerpt":{"rendered":"<p>Uma explos\u00e3o por vazamento de g\u00e1s feriu gravemente o funcion\u00e1rio Luiz Carlos Gust, de 42 anos, na manh\u00e3 desta quarta-feira (3), no Frigor\u00edfico Frigorosa, localizado [&#8230;]<\/p>\n","protected":false},"author":1,"featured_media":288,"comment_status":"open","ping_status":"open","sticky":false,"template":"","format":"standard","meta":{"_crdt_document":"","_jetpack_memberships_contains_paid_content":false,"footnotes":"","jetpack_publicize_message":"","jetpack_publicize_feature_enabled":true,"jetpack_social_post_already_shared":false,"jetpack_social_options":{"image_generator_settings":{"template":"highway","default_image_id":0,"font":"","enabled":false},"version":2}},"categories":[5],"tags":[],"class_list":["post-287","post","type-post","status-publish","format-standard","has-post-thumbnail","hentry","category-parana"],"jetpack_publicize_connections":[],"jetpack_featured_media_url":"https:\/\/i0.wp.com\/oexpressobr.com.br\/wp-content\/uploads\/2025\/12\/g1-pr-18-.jpeg?fit=984%2C553&ssl=1","jetpack_likes_enabled":true,"jetpack_sharing_enabled":true,"_links":{"self":[{"href":"https:\/\/oexpressobr.com.br\/index.php?rest_route=\/wp\/v2\/posts\/287","targetHints":{"allow":["GET"]}}],"collection":[{"href":"https:\/\/oexpressobr.com.br\/index.php?rest_route=\/wp\/v2\/posts"}],"about":[{"href":"https:\/\/oexpressobr.com.br\/index.php?rest_route=\/wp\/v2\/types\/post"}],"author":[{"embeddable":true,"href":"https:\/\/oexpressobr.com.br\/index.php?rest_route=\/wp\/v2\/users\/1"}],"replies":[{"embeddable":true,"href":"https:\/\/oexpressobr.com.br\/index.php?rest_route=%2Fwp%2Fv2%2Fcomments&post=287"}],"version-history":[{"count":0,"href":"https:\/\/oexpressobr.com.br\/index.php?rest_route=\/wp\/v2\/posts\/287\/revisions"}],"wp:featuredmedia":[{"embeddable":true,"href":"https:\/\/oexpressobr.com.br\/index.php?rest_route=\/wp\/v2\/media\/288"}],"wp:attachment":[{"href":"https:\/\/oexpressobr.com.br\/index.php?rest_route=%2Fwp%2Fv2%2Fmedia&parent=287"}],"wp:term":[{"taxonomy":"category","embeddable":true,"href":"https:\/\/oexpressobr.com.br\/index.php?rest_route=%2Fwp%2Fv2%2Fcategories&post=287"},{"taxonomy":"post_tag","embeddable":true,"href":"https:\/\/oexpressobr.com.br\/index.php?rest_route=%2Fwp%2Fv2%2Ftags&post=287"}],"curies":[{"name":"wp","href":"https:\/\/api.w.org\/{rel}","templated":true}]}}