{"id":2877,"date":"2026-01-29T22:23:14","date_gmt":"2026-01-30T01:23:14","guid":{"rendered":"https:\/\/oexpressobr.com.br\/?p=2877"},"modified":"2026-01-29T22:23:15","modified_gmt":"2026-01-30T01:23:15","slug":"casal-dono-de-brecho-de-luxo-e-preso-em-sao-jose-dos-campos-apos-calote-de-r-5-milhoes","status":"publish","type":"post","link":"https:\/\/oexpressobr.com.br\/?p=2877","title":{"rendered":"Casal dono de brech\u00f3 de luxo \u00e9 preso em S\u00e3o Jos\u00e9 dos Campos ap\u00f3s calote de R$ 5 milh\u00f5es"},"content":{"rendered":"\n<p class=\"wp-block-paragraph\">Um casal investigado por aplicar golpes milion\u00e1rios atrav\u00e9s de um brech\u00f3 de artigos de luxo foi preso nesta quinta-feira (29), no bairro Urbanova, em <strong>S\u00e3o Jos\u00e9 dos Campos<\/strong>, interior de S\u00e3o Paulo. <strong>Francine Prado<\/strong> e seu marido, s\u00f3cios da empresa <strong>Desapego Legal<\/strong>, s\u00e3o acusados de reter valores de vendas e n\u00e3o devolver mercadorias de grife consignadas por centenas de clientes.<\/p>\n\n\n\n<h3 class=\"wp-block-heading\">\u200bO esquema e o impacto nas v\u00edtimas<\/h3>\n\n\n\n<p class=\"wp-block-paragraph\">\u200bAs investiga\u00e7\u00f5es apontam que o preju\u00edzo estimado gira em torno de <strong>R$ 5 milh\u00f5es<\/strong>. O modelo de neg\u00f3cio consistia na venda de bolsas, sapatos e acess\u00f3rios de marcas como <em>Chanel<\/em>, <em>Louis Vuitton<\/em> e <em>Prada<\/em>. No entanto, clientes de todo o Brasil relataram que, ap\u00f3s a venda dos itens, os repasses financeiros cessaram.<\/p>\n\n\n\n<ul class=\"wp-block-list\">\n<li>\u200b<strong>V\u00edtimas:<\/strong> Mais de 220 pessoas se organizaram em grupos de mensagens para buscar justi\u00e7a.<\/li>\n\n\n\n<li>\u200b<strong>Processos:<\/strong> A empresa j\u00e1 acumulava quase <strong>100 a\u00e7\u00f5es judiciais<\/strong> e dezenas de boletins de ocorr\u00eancia por estelionato e apropria\u00e7\u00e3o ind\u00e9bita.<\/li>\n\n\n\n<li>\u200b<strong>Relatos:<\/strong> Uma empres\u00e1ria chegou a declarar um preju\u00edzo de R$ 285 mil em itens enviados ao brech\u00f3. Outro colaborador, que atuava como intermedi\u00e1rio na Bahia, acumulou d\u00edvidas de R$ 250 mil para tentar ressarcir clientes lesados pelo casal.<\/li>\n<\/ul>\n\n\n\n<h3 class=\"wp-block-heading\">\u200bDesdobramentos recentes<\/h3>\n\n\n\n<p class=\"wp-block-paragraph\">\u200bA pris\u00e3o ocorre exatamente um ano ap\u00f3s o caso ganhar repercuss\u00e3o nacional. Em janeiro de 2025, Francine Prado chegou a realizar transmiss\u00f5es ao vivo nas redes sociais admitindo &#8220;dificuldades administrativas&#8221;, mas negando a inten\u00e7\u00e3o de cometer fraudes.<\/p>\n\n\n\n<p class=\"wp-block-paragraph\">\u200bNesta quinta-feira, a defesa dos suspeitos afirmou ter sido pega de surpresa pela ordem de pris\u00e3o. Os advogados sustentam que o brech\u00f3 entrou em <strong>recupera\u00e7\u00e3o judicial<\/strong> com o objetivo de quitar os d\u00e9bitos com os credores de forma organizada. Contudo, as autoridades prosseguiram com a deten\u00e7\u00e3o devido aos ind\u00edcios de continuidade das pr\u00e1ticas il\u00edcitas e ao volume de den\u00fancias.<\/p>\n\n\n\n<h3 class=\"wp-block-heading\">\u200bO que acontece agora?<\/h3>\n\n\n\n<p class=\"wp-block-paragraph\">\u200bO casal foi encaminhado para a delegacia e permanece \u00e0 disposi\u00e7\u00e3o da Justi\u00e7a. O material apreendido durante a opera\u00e7\u00e3o, que inclui documentos e eletr\u00f4nicos, ser\u00e1 analisado pela Pol\u00edcia Civil para rastrear o destino do dinheiro das v\u00edtimas.<\/p>\n","protected":false},"excerpt":{"rendered":"<p>Um casal investigado por aplicar golpes milion\u00e1rios atrav\u00e9s de um brech\u00f3 de artigos de luxo foi preso nesta quinta-feira (29), no bairro Urbanova, em S\u00e3o [&#8230;]<\/p>\n","protected":false},"author":1,"featured_media":2878,"comment_status":"open","ping_status":"open","sticky":false,"template":"","format":"standard","meta":{"_crdt_document":"","_jetpack_memberships_contains_paid_content":false,"footnotes":"","jetpack_publicize_message":"","jetpack_publicize_feature_enabled":true,"jetpack_social_post_already_shared":true,"jetpack_social_options":{"image_generator_settings":{"template":"highway","default_image_id":0,"font":"","enabled":false},"version":2}},"categories":[9],"tags":[],"class_list":["post-2877","post","type-post","status-publish","format-standard","has-post-thumbnail","hentry","category-policia"],"jetpack_publicize_connections":[],"jetpack_featured_media_url":"https:\/\/i0.wp.com\/oexpressobr.com.br\/wp-content\/uploads\/2026\/01\/IMG-20260129-WA0325.jpg?fit=1280%2C720&ssl=1","jetpack_likes_enabled":true,"jetpack_sharing_enabled":true,"_links":{"self":[{"href":"https:\/\/oexpressobr.com.br\/index.php?rest_route=\/wp\/v2\/posts\/2877","targetHints":{"allow":["GET"]}}],"collection":[{"href":"https:\/\/oexpressobr.com.br\/index.php?rest_route=\/wp\/v2\/posts"}],"about":[{"href":"https:\/\/oexpressobr.com.br\/index.php?rest_route=\/wp\/v2\/types\/post"}],"author":[{"embeddable":true,"href":"https:\/\/oexpressobr.com.br\/index.php?rest_route=\/wp\/v2\/users\/1"}],"replies":[{"embeddable":true,"href":"https:\/\/oexpressobr.com.br\/index.php?rest_route=%2Fwp%2Fv2%2Fcomments&post=2877"}],"version-history":[{"count":1,"href":"https:\/\/oexpressobr.com.br\/index.php?rest_route=\/wp\/v2\/posts\/2877\/revisions"}],"predecessor-version":[{"id":2879,"href":"https:\/\/oexpressobr.com.br\/index.php?rest_route=\/wp\/v2\/posts\/2877\/revisions\/2879"}],"wp:featuredmedia":[{"embeddable":true,"href":"https:\/\/oexpressobr.com.br\/index.php?rest_route=\/wp\/v2\/media\/2878"}],"wp:attachment":[{"href":"https:\/\/oexpressobr.com.br\/index.php?rest_route=%2Fwp%2Fv2%2Fmedia&parent=2877"}],"wp:term":[{"taxonomy":"category","embeddable":true,"href":"https:\/\/oexpressobr.com.br\/index.php?rest_route=%2Fwp%2Fv2%2Fcategories&post=2877"},{"taxonomy":"post_tag","embeddable":true,"href":"https:\/\/oexpressobr.com.br\/index.php?rest_route=%2Fwp%2Fv2%2Ftags&post=2877"}],"curies":[{"name":"wp","href":"https:\/\/api.w.org\/{rel}","templated":true}]}}