{"id":2881,"date":"2026-01-30T06:11:00","date_gmt":"2026-01-30T09:11:00","guid":{"rendered":"https:\/\/oexpressobr.com.br\/?p=2881"},"modified":"2026-01-30T06:11:02","modified_gmt":"2026-01-30T09:11:02","slug":"gestao-garbim-sob-pressao-moradores-de-engenheiro-beltrao-cobram-transparencia-sobre-divida-de-r-12-milhoes-e-destino-de-recursos-do-itbi","status":"publish","type":"post","link":"https:\/\/oexpressobr.com.br\/?p=2881","title":{"rendered":"Gest\u00e3o Garbim sob press\u00e3o: Moradores de Engenheiro Beltr\u00e3o cobram transpar\u00eancia sobre d\u00edvida de R$ 12 milh\u00f5es e destino de recursos do ITBI"},"content":{"rendered":"\n<p class=\"wp-block-paragraph\"><strong>ENGENHEIRO BELTR\u00c3O<\/strong> \u2013 O clima pol\u00edtico e social em Engenheiro Beltr\u00e3o atingiu um ponto de ebuli\u00e7\u00e3o. A gest\u00e3o do prefeito J\u00fanior Garbim enfrenta uma onda de questionamentos por parte da popula\u00e7\u00e3o, que exige esclarecimentos detalhados sobre a sa\u00fade financeira do munic\u00edpio e a aplica\u00e7\u00e3o de recursos extraordin\u00e1rios que, somados, ultrapassam a marca dos <strong>R$ 16 milh\u00f5es<\/strong>.<\/p>\n\n\n\n<h3 class=\"wp-block-heading\">O X da quest\u00e3o: Os n\u00fameros que n\u00e3o batem<\/h3>\n\n\n\n<p class=\"wp-block-paragraph\">O foco da indigna\u00e7\u00e3o popular reside em dois pontos centrais que t\u00eam gerado debates acalorados nas redes sociais e nas esquinas da cidade:<\/p>\n\n\n\n<ol start=\"1\" class=\"wp-block-list\">\n<li><strong>O Endividamento:<\/strong> Dados oficiais apontam um crescimento na d\u00edvida p\u00fablica municipal na ordem de <strong>R$ 12 milh\u00f5es<\/strong> durante a atual administra\u00e7\u00e3o.<\/li>\n\n\n\n<li><strong>O &#8220;Recurso da Chapad\u00e3o&#8221;:<\/strong> Cerca de <strong>R$ 4 milh\u00f5es<\/strong> arrecadados via ITBI (Imposto sobre Transmiss\u00e3o de Bens Im\u00f3veis) referentes \u00e0 Fazenda Chapad\u00e3o.<\/li>\n<\/ol>\n\n\n\n<p class=\"wp-block-paragraph\">A pergunta que ecoa entre os contribuintes \u00e9 direta: <strong>onde esse dinheiro foi aplicado?<\/strong> Enquanto a prefeitura mant\u00e9m uma linha de comunica\u00e7\u00e3o focada em publicidade institucional, a oposi\u00e7\u00e3o e grupos da sociedade civil apontam a aus\u00eancia de obras estruturantes de grande porte, como novos hospitais ou reformas profundas na rede escolar, que justifiquem tal volume financeiro.<\/p>\n\n\n\n<h3 class=\"wp-block-heading\">A pol\u00eamica da UPA da Vila Oper\u00e1ria<\/h3>\n\n\n\n<p class=\"wp-block-paragraph\">Um dos s\u00edmbolos mais cr\u00edticos dessa gest\u00e3o, segundo os moradores, \u00e9 a <strong>Unidade de Pronto Atendimento (UPA) da Vila Oper\u00e1ria<\/strong>. Inaugurada com pompa e circunst\u00e2ncia \u00e0s v\u00e9speras do per\u00edodo eleitoral de 2024, a unidade tornou-se o centro das reclama\u00e7\u00f5es p\u00f3s-pleito.<\/p>\n\n\n\n<blockquote class=\"wp-block-quote is-layout-flow wp-block-quote-is-layout-flow\">\n<p class=\"wp-block-paragraph\">&#8220;Inauguraram para tirar foto, mas na hora que o filho adoece, a porta est\u00e1 fechada ou n\u00e3o tem m\u00e9dico. Foi pura maquiagem eleitoral&#8221;, desabafa um morador que preferiu n\u00e3o se identificar.<\/p>\n<\/blockquote>\n\n\n\n<p class=\"wp-block-paragraph\">Relatos indicam que a unidade n\u00e3o opera em sua capacidade plena, for\u00e7ando a popula\u00e7\u00e3o a enfrentar as antigas filas e a precariedade de exames represados, contrastando com o cen\u00e1rio de &#8220;cidade modelo&#8221; apresentado nas redes sociais da prefeitura.<\/p>\n\n\n\n<h3 class=\"wp-block-heading\">O que dizem os indicadores e o contexto atual<\/h3>\n\n\n\n<p class=\"wp-block-paragraph\">Recentemente, a gest\u00e3o Garbim tem tentado contra-atacar as cr\u00edticas ressaltando investimentos em pavimenta\u00e7\u00e3o e eventos culturais. No entanto, para o cidad\u00e3o beltr\u00e3oense, o asfalto n\u00e3o apaga a d\u00favida sobre o rombo milion\u00e1rio.<\/p>\n\n\n\n<p class=\"wp-block-paragraph\">A legisla\u00e7\u00e3o brasileira, atrav\u00e9s da <strong>Lei de Acesso \u00e0 Informa\u00e7\u00e3o (LAI)<\/strong> e da <strong>Lei de Responsabilidade Fiscal (LRF)<\/strong>, obriga a transpar\u00eancia total desses dados. O sil\u00eancio ou a resposta evasiva do Executivo pode, inclusive, dar margem a investiga\u00e7\u00f5es por parte do Minist\u00e9rio P\u00fablico e da C\u00e2mara de Vereadores.<\/p>\n\n\n\n<h3 class=\"wp-block-heading\">Tabela: O montante questionado pela popula\u00e7\u00e3o<\/h3>\n\n\n\n<figure class=\"wp-block-table\"><table class=\"has-fixed-layout\"><thead><tr><td><strong>Origem do Recurso<\/strong><\/td><td><strong>Valor Estimado<\/strong><\/td><td><strong>Status da Resposta<\/strong><\/td><\/tr><\/thead><tbody><tr><td>Aumento da D\u00edvida P\u00fablica<\/td><td>R$ 12.000.000,00<\/td><td>Sem detalhamento de aplica\u00e7\u00e3o<\/td><\/tr><tr><td>ITBI Fazenda Chapad\u00e3o<\/td><td>R$ 4.000.000,00<\/td><td>Destina\u00e7\u00e3o incerta<\/td><\/tr><tr><td><strong>Total Sob Questionamento<\/strong><\/td><td><strong>R$ 16.000.000,00<\/strong><\/td><td><strong>Aguardando presta\u00e7\u00e3o de contas<\/strong><\/td><\/tr><\/tbody><\/table><\/figure>\n\n\n\n<p class=\"wp-block-paragraph\">A cidade de Engenheiro Beltr\u00e3o vive um momento de despertar c\u00edvico. O recado das ruas \u00e9 claro: o dinheiro p\u00fablico pertence ao povo e n\u00e3o pode ser utilizado como pe\u00e7a de marketing. A gest\u00e3o Garbim agora corre contra o tempo para apresentar notas fiscais, cronogramas de obras e balancetes que conven\u00e7am o eleitor de que a transpar\u00eancia n\u00e3o \u00e9 apenas uma promessa de campanha, mas uma pr\u00e1tica <\/p>\n","protected":false},"excerpt":{"rendered":"<p>ENGENHEIRO BELTR\u00c3O \u2013 O clima pol\u00edtico e social em Engenheiro Beltr\u00e3o atingiu um ponto de ebuli\u00e7\u00e3o. A gest\u00e3o do prefeito J\u00fanior Garbim enfrenta uma onda [&#8230;]<\/p>\n","protected":false},"author":1,"featured_media":2882,"comment_status":"open","ping_status":"open","sticky":false,"template":"","format":"standard","meta":{"_crdt_document":"","_jetpack_memberships_contains_paid_content":false,"footnotes":"","jetpack_publicize_message":"","jetpack_publicize_feature_enabled":true,"jetpack_social_post_already_shared":true,"jetpack_social_options":{"image_generator_settings":{"template":"highway","default_image_id":0,"font":"","enabled":false},"version":2}},"categories":[46],"tags":[],"class_list":["post-2881","post","type-post","status-publish","format-standard","has-post-thumbnail","hentry","category-cidades"],"jetpack_publicize_connections":[],"jetpack_featured_media_url":"https:\/\/i0.wp.com\/oexpressobr.com.br\/wp-content\/uploads\/2026\/01\/619490789_1490326416431577_4617596025803611026_n.jpg?fit=1536%2C1024&ssl=1","jetpack_likes_enabled":true,"jetpack_sharing_enabled":true,"_links":{"self":[{"href":"https:\/\/oexpressobr.com.br\/index.php?rest_route=\/wp\/v2\/posts\/2881","targetHints":{"allow":["GET"]}}],"collection":[{"href":"https:\/\/oexpressobr.com.br\/index.php?rest_route=\/wp\/v2\/posts"}],"about":[{"href":"https:\/\/oexpressobr.com.br\/index.php?rest_route=\/wp\/v2\/types\/post"}],"author":[{"embeddable":true,"href":"https:\/\/oexpressobr.com.br\/index.php?rest_route=\/wp\/v2\/users\/1"}],"replies":[{"embeddable":true,"href":"https:\/\/oexpressobr.com.br\/index.php?rest_route=%2Fwp%2Fv2%2Fcomments&post=2881"}],"version-history":[{"count":1,"href":"https:\/\/oexpressobr.com.br\/index.php?rest_route=\/wp\/v2\/posts\/2881\/revisions"}],"predecessor-version":[{"id":2883,"href":"https:\/\/oexpressobr.com.br\/index.php?rest_route=\/wp\/v2\/posts\/2881\/revisions\/2883"}],"wp:featuredmedia":[{"embeddable":true,"href":"https:\/\/oexpressobr.com.br\/index.php?rest_route=\/wp\/v2\/media\/2882"}],"wp:attachment":[{"href":"https:\/\/oexpressobr.com.br\/index.php?rest_route=%2Fwp%2Fv2%2Fmedia&parent=2881"}],"wp:term":[{"taxonomy":"category","embeddable":true,"href":"https:\/\/oexpressobr.com.br\/index.php?rest_route=%2Fwp%2Fv2%2Fcategories&post=2881"},{"taxonomy":"post_tag","embeddable":true,"href":"https:\/\/oexpressobr.com.br\/index.php?rest_route=%2Fwp%2Fv2%2Ftags&post=2881"}],"curies":[{"name":"wp","href":"https:\/\/api.w.org\/{rel}","templated":true}]}}