{"id":2884,"date":"2026-01-30T12:08:45","date_gmt":"2026-01-30T15:08:45","guid":{"rendered":"https:\/\/oexpressobr.com.br\/?p=2884"},"modified":"2026-01-30T12:08:47","modified_gmt":"2026-01-30T15:08:47","slug":"pesquisa-futura-ao-governo-do-parana-aponta-moro-na-lideranca-e-testa-forca-de-ratinho-jr","status":"publish","type":"post","link":"https:\/\/oexpressobr.com.br\/?p=2884","title":{"rendered":"PESQUISA Futura ao Governo do Paran\u00e1 aponta Moro na lideran\u00e7a e testa for\u00e7a de Ratinho Jr."},"content":{"rendered":"\n<p class=\"wp-block-paragraph\">PESQUISA Futura ao Governo do Paran\u00e1 aponta Moro na lideran\u00e7a e testa for\u00e7a de Ratinho Jr.<br>Uma nova rodada de pesquisas para a sucess\u00e3o estadual no Paran\u00e1 traz um cen\u00e1rio de clara defini\u00e7\u00e3o de favoritos e um forte peso da influ\u00eancia do atual governador, Ratinho Junior (PSD). O levantamento realizado pela Futura Intelig\u00eancia, em parceria com a Apex, ouviu 800 eleitores no estado e explorou 12 cen\u00e1rios diferentes, revelando que o capital pol\u00edtico do atual mandat\u00e1rio ser\u00e1 o fiel da balan\u00e7a em 2026.<br>Moro lidera inten\u00e7\u00f5es de voto para o Pal\u00e1cio Igua\u00e7u<br>De acordo com os dados mais recentes, o senador Sergio Moro (Uni\u00e3o Brasil) mant\u00e9m uma lideran\u00e7a isolada em todos os cen\u00e1rios em que \u00e9 citado para o governo estadual. Moro, que consolidou sua base no Paran\u00e1 ap\u00f3s a elei\u00e7\u00e3o para o Senado, aparece com ampla vantagem sobre os demais concorrentes.<br>Em cen\u00e1rios sem a presen\u00e7a do ex-juiz, a disputa se torna pulverizada entre nomes ligados \u00e0 base governista e \u00e0 oposi\u00e7\u00e3o de esquerda, mas Moro segue sendo o principal obst\u00e1culo para os planos do PSD de fazer um sucessor direto com facilidade.<br>O &#8220;Fator Ratinho Jr.&#8221; e a for\u00e7a do PSD<br>A pesquisa testou exaustivamente o impacto do apoio de Ratinho Junior, que ostenta uma das maiores aprova\u00e7\u00f5es de governo no pa\u00eds \u2014 batendo a marca de 85,5% de aprova\u00e7\u00e3o em sondagens paralelas de janeiro de 2026.<\/p>\n\n\n\n<ul class=\"wp-block-list\">\n<li>Alexandre Curi (PSD): O atual presidente da Assembleia Legislativa (ALEP) surge como um dos nomes mais fortes dentro da sigla, apresentando crescimento quando associado diretamente ao governador.<\/li>\n\n\n\n<li>Rafael Greca (PSD): O ex-prefeito de Curitiba tamb\u00e9m figura com destaque, sendo um dos nomes mais conhecidos da lista.<\/li>\n\n\n\n<li>Guto Silva (PSD): Ex-chefe da Casa Civil, Silva \u00e9 outra aposta testada para manter o projeto pol\u00edtico do PSD no estado.<\/li>\n<\/ul>\n\n\n\n<blockquote class=\"wp-block-quote is-layout-flow wp-block-quote-is-layout-flow\">\n<p class=\"wp-block-paragraph\">Nota do Jornalista: A sondagem revela que o eleitor paranaense est\u00e1 inclinado a seguir a indica\u00e7\u00e3o de Ratinho Jr., mas a &#8220;transfer\u00eancia de votos&#8221; ainda n\u00e3o \u00e9 autom\u00e1tica para um nome espec\u00edfico do partido, dependendo da consolida\u00e7\u00e3o da pr\u00e9-candidatura ao longo do ano.<\/p>\n\n\n\n<p class=\"wp-block-paragraph\">Cen\u00e1rio para o Senado e Presid\u00eancia<br>Al\u00e9m da disputa estadual, a pesquisa Futura e dados complementares da Paran\u00e1 Pesquisas indicam que o estado mant\u00e9m um perfil conservador:<\/p>\n\n\n\n<ul class=\"wp-block-list\">\n<li>Senado: O nome de Alvaro Dias lidera as inten\u00e7\u00f5es de voto para um retorno \u00e0 Bras\u00edlia, seguido de perto por Alexandre Curi e nomes da direita como Cristina Graeml.<\/li>\n\n\n\n<li>Presid\u00eancia: Em solo paranaense, Ratinho Junior lidera as inten\u00e7\u00f5es de voto para a Presid\u00eancia da Rep\u00fablica com 40%, superando o presidente Lula (PT) e o senador Fl\u00e1vio Bolsonaro (PL) em simula\u00e7\u00f5es locais.<br>Tabela: Principais Cotados para o Governo do PR (Cen\u00e1rio Estimulado)<br>| Candidato | Partido | Perfil |<br>|&#8212;|&#8212;|&#8212;|<br>| Sergio Moro | Uni\u00e3o | Senador e ex-ministro |<br>| Alexandre Curi | PSD | Deputado e Pres. da ALEP |<br>| Rafael Greca | PSD | Ex-prefeito de Curitiba |<br>| Requi\u00e3o Filho | PDT | Principal nome da oposi\u00e7\u00e3o |<br>| Guto Silva | PSD | Secret\u00e1rio de Planejamento |<br>Com o PSD de Gilberto Kassab lan\u00e7ando Ratinho Jr. como um dos tr\u00eas presidenci\u00e1veis da sigla, o xadrez pol\u00edtico no Paran\u00e1 deve acelerar nas pr\u00f3ximas semanas. A grande d\u00favida permanece: Ratinho deixar\u00e1 o governo para disputar o Planalto ou o Senado, ou permanecer\u00e1 at\u00e9 o fim do mandato para garantir a elei\u00e7\u00e3o de seu sucessor?<br><\/li>\n<\/ul>\n\n\n\n<p class=\"wp-block-paragraph\"><\/p>\n<\/blockquote>\n\n\n\n<p class=\"wp-block-paragraph\"><\/p>\n","protected":false},"excerpt":{"rendered":"<p>PESQUISA Futura ao Governo do Paran\u00e1 aponta Moro na lideran\u00e7a e testa for\u00e7a de Ratinho Jr.Uma nova rodada de pesquisas para a sucess\u00e3o estadual no [&#8230;]<\/p>\n","protected":false},"author":1,"featured_media":2885,"comment_status":"open","ping_status":"open","sticky":false,"template":"","format":"standard","meta":{"_crdt_document":"","_jetpack_memberships_contains_paid_content":false,"footnotes":"","jetpack_publicize_message":"","jetpack_publicize_feature_enabled":true,"jetpack_social_post_already_shared":true,"jetpack_social_options":{"image_generator_settings":{"template":"highway","default_image_id":0,"font":"","enabled":false},"version":2}},"categories":[1,7],"tags":[],"class_list":["post-2884","post","type-post","status-publish","format-standard","has-post-thumbnail","hentry","category-geral","category-politica"],"jetpack_publicize_connections":[],"jetpack_featured_media_url":"https:\/\/i0.wp.com\/oexpressobr.com.br\/wp-content\/uploads\/2026\/01\/pr-governador-Parana-1.jpg?fit=1320%2C768&ssl=1","jetpack_likes_enabled":true,"jetpack_sharing_enabled":true,"_links":{"self":[{"href":"https:\/\/oexpressobr.com.br\/index.php?rest_route=\/wp\/v2\/posts\/2884","targetHints":{"allow":["GET"]}}],"collection":[{"href":"https:\/\/oexpressobr.com.br\/index.php?rest_route=\/wp\/v2\/posts"}],"about":[{"href":"https:\/\/oexpressobr.com.br\/index.php?rest_route=\/wp\/v2\/types\/post"}],"author":[{"embeddable":true,"href":"https:\/\/oexpressobr.com.br\/index.php?rest_route=\/wp\/v2\/users\/1"}],"replies":[{"embeddable":true,"href":"https:\/\/oexpressobr.com.br\/index.php?rest_route=%2Fwp%2Fv2%2Fcomments&post=2884"}],"version-history":[{"count":1,"href":"https:\/\/oexpressobr.com.br\/index.php?rest_route=\/wp\/v2\/posts\/2884\/revisions"}],"predecessor-version":[{"id":2886,"href":"https:\/\/oexpressobr.com.br\/index.php?rest_route=\/wp\/v2\/posts\/2884\/revisions\/2886"}],"wp:featuredmedia":[{"embeddable":true,"href":"https:\/\/oexpressobr.com.br\/index.php?rest_route=\/wp\/v2\/media\/2885"}],"wp:attachment":[{"href":"https:\/\/oexpressobr.com.br\/index.php?rest_route=%2Fwp%2Fv2%2Fmedia&parent=2884"}],"wp:term":[{"taxonomy":"category","embeddable":true,"href":"https:\/\/oexpressobr.com.br\/index.php?rest_route=%2Fwp%2Fv2%2Fcategories&post=2884"},{"taxonomy":"post_tag","embeddable":true,"href":"https:\/\/oexpressobr.com.br\/index.php?rest_route=%2Fwp%2Fv2%2Ftags&post=2884"}],"curies":[{"name":"wp","href":"https:\/\/api.w.org\/{rel}","templated":true}]}}