{"id":2887,"date":"2026-01-30T12:18:20","date_gmt":"2026-01-30T15:18:20","guid":{"rendered":"https:\/\/oexpressobr.com.br\/?p=2887"},"modified":"2026-01-30T12:18:21","modified_gmt":"2026-01-30T15:18:21","slug":"deputados-sandro-alex-aliel-machado-e-moacyr-fadel-fecham-acordo-com-ministerio-publico-e-garantem-elegibilidade-para-2026","status":"publish","type":"post","link":"https:\/\/oexpressobr.com.br\/?p=2887","title":{"rendered":"Deputados Sandro Alex, Aliel Machado e Moacyr Fadel fecham acordo com Minist\u00e9rio P\u00fablico e garantem elegibilidade para 2026"},"content":{"rendered":"\n<p class=\"wp-block-paragraph\">Em uma reviravolta jur\u00eddica que altera o cen\u00e1rio pol\u00edtico dos Campos Gerais, os deputados federais Sandro Alex (PSD) e Aliel Machado (PV), al\u00e9m do deputado estadual Moacyr Fadel (PSD), firmaram acordos de n\u00e3o persecu\u00e7\u00e3o c\u00edvel e penal com o Minist\u00e9rio P\u00fablico. A medida, homologada recentemente, encerra processos que poderiam resultar na cassa\u00e7\u00e3o de mandatos e, principalmente, na inelegibilidade dos parlamentares, limpando o caminho para as disputas eleitorais de 2026.<\/p>\n\n\n\n<p class=\"wp-block-paragraph\"><br>O fim da amea\u00e7a judicial<\/p>\n\n\n\n<p class=\"wp-block-paragraph\"><br>Os acordos, previstos na Lei de Improbidade Administrativa e no C\u00f3digo de Processo Penal, permitem que os investigados aceitem san\u00e7\u00f5es imediatas \u2014 como o pagamento de multas e ressarcimento de danos \u2014 em troca do arquivamento das a\u00e7\u00f5es. Para os deputados dos Campos Gerais, o maior benef\u00edcio foi evitar o risco de uma condena\u00e7\u00e3o em segunda inst\u00e2ncia ou por \u00f3rg\u00e3o colegiado, o que os enquadraria na Lei da Ficha Limpa.<\/p>\n\n\n\n<p class=\"wp-block-paragraph\"><br>Detalhes dos casos<\/p>\n\n\n\n<ul class=\"wp-block-list\">\n<li>Moacyr Fadel: O caso de maior repercuss\u00e3o envolve o deputado estadual e ex-prefeito de Castro. Em setembro de 2025, Fadel confessou, no \u00e2mbito de um Acordo de N\u00e3o Persecu\u00e7\u00e3o Penal (ANPP), o recebimento de propina de uma empresa de transporte p\u00fablico em 2009. Para evitar o cumprimento da pena e a perda dos direitos pol\u00edticos, o parlamentar concordou em pagar uma multa de R$ 180 mil, destinada a entidades sociais como a Apae de Castro.<\/li>\n\n\n\n<li>Sandro Alex e Aliel Machado: Os deputados federais tamb\u00e9m buscaram o consenso jur\u00eddico para encerrar questionamentos sobre o uso de verbas ou atos administrativos de gest\u00f5es passadas. Com a homologa\u00e7\u00e3o dos acordos nesta semana (janeiro de 2026), as a\u00e7\u00f5es foram extintas sem julgamento do m\u00e9rito da culpabilidade, o que legalmente preserva o status de &#8220;ficha limpa&#8221;.<br>Bastidores e impacto eleitoral<br>A decis\u00e3o de firmar os acordos \u00e9 vista por analistas pol\u00edticos como uma estrat\u00e9gia de &#8220;redu\u00e7\u00e3o de danos&#8221;. &#8220;O custo financeiro das multas \u00e9 considerado baixo diante do risco de ficar oito anos fora da pol\u00edtica&#8221;, avaliam especialistas locais.<br>Com a situa\u00e7\u00e3o jur\u00eddica pacificada, Sandro Alex e Aliel Machado consolidam suas pr\u00e9-candidaturas \u00e0 reelei\u00e7\u00e3o ou a voos maiores no pleito de outubro. A oposi\u00e7\u00e3o, que apostava no desgaste jur\u00eddico dos parlamentares, agora recalcula a rota, uma vez que o argumento da &#8220;inelegibilidade&#8221; perdeu o objeto jur\u00eddico.<br>O que dizem os envolvidos<br>Em notas oficiais, as defesas dos parlamentares afirmam que os acordos n\u00e3o significam necessariamente o reconhecimento de dolo (inten\u00e7\u00e3o de lesar o er\u00e1rio), mas sim uma op\u00e7\u00e3o pela &#8220;celeridade processual&#8221; e pela &#8220;seguran\u00e7a jur\u00eddica&#8221;, permitindo que os deputados foquem integralmente em seus mandatos e nas demandas da regi\u00e3o dos Campos Gerais.<br>O Minist\u00e9rio P\u00fablico, por sua vez, defende que os acordos garantem o ressarcimento imediato aos cofres p\u00fablicos, evitando processos que poderiam tramitar por d\u00e9cadas nos tribunais superiores.<\/li>\n<\/ul>\n","protected":false},"excerpt":{"rendered":"<p>Em uma reviravolta jur\u00eddica que altera o cen\u00e1rio pol\u00edtico dos Campos Gerais, os deputados federais Sandro Alex (PSD) e Aliel Machado (PV), al\u00e9m do deputado [&#8230;]<\/p>\n","protected":false},"author":1,"featured_media":2888,"comment_status":"open","ping_status":"open","sticky":false,"template":"","format":"standard","meta":{"_crdt_document":"","_jetpack_memberships_contains_paid_content":false,"footnotes":"","jetpack_publicize_message":"","jetpack_publicize_feature_enabled":true,"jetpack_social_post_already_shared":true,"jetpack_social_options":{"image_generator_settings":{"template":"highway","default_image_id":0,"font":"","enabled":false},"version":2}},"categories":[8],"tags":[],"class_list":["post-2887","post","type-post","status-publish","format-standard","has-post-thumbnail","hentry","category-judiciario"],"jetpack_publicize_connections":[],"jetpack_featured_media_url":"https:\/\/i0.wp.com\/oexpressobr.com.br\/wp-content\/uploads\/2026\/01\/rangel-e-fadel-1.jpg?fit=533%2C349&ssl=1","jetpack_likes_enabled":true,"jetpack_sharing_enabled":true,"_links":{"self":[{"href":"https:\/\/oexpressobr.com.br\/index.php?rest_route=\/wp\/v2\/posts\/2887","targetHints":{"allow":["GET"]}}],"collection":[{"href":"https:\/\/oexpressobr.com.br\/index.php?rest_route=\/wp\/v2\/posts"}],"about":[{"href":"https:\/\/oexpressobr.com.br\/index.php?rest_route=\/wp\/v2\/types\/post"}],"author":[{"embeddable":true,"href":"https:\/\/oexpressobr.com.br\/index.php?rest_route=\/wp\/v2\/users\/1"}],"replies":[{"embeddable":true,"href":"https:\/\/oexpressobr.com.br\/index.php?rest_route=%2Fwp%2Fv2%2Fcomments&post=2887"}],"version-history":[{"count":1,"href":"https:\/\/oexpressobr.com.br\/index.php?rest_route=\/wp\/v2\/posts\/2887\/revisions"}],"predecessor-version":[{"id":2889,"href":"https:\/\/oexpressobr.com.br\/index.php?rest_route=\/wp\/v2\/posts\/2887\/revisions\/2889"}],"wp:featuredmedia":[{"embeddable":true,"href":"https:\/\/oexpressobr.com.br\/index.php?rest_route=\/wp\/v2\/media\/2888"}],"wp:attachment":[{"href":"https:\/\/oexpressobr.com.br\/index.php?rest_route=%2Fwp%2Fv2%2Fmedia&parent=2887"}],"wp:term":[{"taxonomy":"category","embeddable":true,"href":"https:\/\/oexpressobr.com.br\/index.php?rest_route=%2Fwp%2Fv2%2Fcategories&post=2887"},{"taxonomy":"post_tag","embeddable":true,"href":"https:\/\/oexpressobr.com.br\/index.php?rest_route=%2Fwp%2Fv2%2Ftags&post=2887"}],"curies":[{"name":"wp","href":"https:\/\/api.w.org\/{rel}","templated":true}]}}