{"id":2890,"date":"2026-01-30T12:29:03","date_gmt":"2026-01-30T15:29:03","guid":{"rendered":"https:\/\/oexpressobr.com.br\/?p=2890"},"modified":"2026-01-30T12:29:04","modified_gmt":"2026-01-30T15:29:04","slug":"ex-diretor-da-prefeitura-de-paranagua-e-exonerado-apos-denuncia-de-assedio-contra-menor","status":"publish","type":"post","link":"https:\/\/oexpressobr.com.br\/?p=2890","title":{"rendered":"Ex-diretor da Prefeitura de Paranagu\u00e1 \u00e9 exonerado ap\u00f3s den\u00fancia de ass\u00e9dio contra menor"},"content":{"rendered":"\n<p class=\"wp-block-paragraph\">Uma den\u00fancia grave sacudiu os bastidores pol\u00edticos de Paranagu\u00e1 na madrugada desta sexta-feira (30). Ocupante de um cargo estrat\u00e9gico na gest\u00e3o municipal, o agora ex-Diretor de Servi\u00e7os Urbanos foi oficialmente afastado de suas fun\u00e7\u00f5es ap\u00f3s ser alvo de acusa\u00e7\u00f5es de <strong>ass\u00e9dio sexual<\/strong> envolvendo uma adolescente de 16 anos.<\/p>\n\n\n\n<h3 class=\"wp-block-heading\">\u200bO Caso e a Rea\u00e7\u00e3o Institucional<\/h3>\n\n\n\n<p class=\"wp-block-paragraph\">\u200bA not\u00edcia come\u00e7ou a circular intensamente ap\u00f3s a divulga\u00e7\u00e3o de relatos que ligam o ex-servidor a condutas inapropriadas contra a menor. Diante da repercuss\u00e3o e da gravidade dos fatos, a administra\u00e7\u00e3o municipal agiu rapidamente para publicar a exonera\u00e7\u00e3o, buscando desvincular a imagem da prefeitura do esc\u00e2ndalo.<\/p>\n\n\n\n<ul class=\"wp-block-list\">\n<li>\u200b<strong>O Envolvido:<\/strong> Ex-Diretor de Servi\u00e7os Urbanos (nome preservado conforme diretrizes de investiga\u00e7\u00e3o inicial).<\/li>\n\n\n\n<li>\u200b<strong>A V\u00edtima:<\/strong> Uma adolescente de 16 anos.<\/li>\n\n\n\n<li>\u200b<strong>A Causa:<\/strong> Den\u00fancia formal de ass\u00e9dio sexual.<\/li>\n<\/ul>\n\n\n\n<h3 class=\"wp-block-heading\">\u200bPr\u00f3ximos Passos na Investiga\u00e7\u00e3o<\/h3>\n\n\n\n<p class=\"wp-block-paragraph\">\u200bFontes locais indicam que o caso j\u00e1 est\u00e1 sob an\u00e1lise das autoridades policiais. Em situa\u00e7\u00f5es envolvendo menores de idade, o <strong>N\u00facleo de Prote\u00e7\u00e3o \u00e0 Crian\u00e7a e ao Adolescente (NUCRIA)<\/strong> costuma assumir a frente das investiga\u00e7\u00f5es para garantir o sigilo e a prote\u00e7\u00e3o da v\u00edtima, conforme previsto no Estatuto da Crian\u00e7a e do Adolescente (ECA).<\/p>\n\n\n\n<p class=\"wp-block-paragraph\">\u200bA defesa do ex-diretor ainda n\u00e3o emitiu uma nota oficial sobre as acusa\u00e7\u00f5es, e a Prefeitura de Paranagu\u00e1 deve se manifestar nas pr\u00f3ximas horas detalhando as medidas administrativas e o apoio que ser\u00e1 prestado \u00e0 fam\u00edlia da jovem.<\/p>\n\n\n\n<blockquote class=\"wp-block-quote is-layout-flow wp-block-quote-is-layout-flow\">\n<p class=\"wp-block-paragraph\">\u200b<strong>Nota do Redator:<\/strong> O crime de ass\u00e9dio sexual, quando praticado contra menores, pode ser tipificado sob penas ainda mais r\u00edgidas, dependendo da interpreta\u00e7\u00e3o do Minist\u00e9rio P\u00fablico sobre a vulnerabilidade da v\u00edtima e a hierarquia do cargo ocupado pelo acusado.<\/p>\n<\/blockquote>\n","protected":false},"excerpt":{"rendered":"<p>Uma den\u00fancia grave sacudiu os bastidores pol\u00edticos de Paranagu\u00e1 na madrugada desta sexta-feira (30). Ocupante de um cargo estrat\u00e9gico na gest\u00e3o municipal, o agora ex-Diretor [&#8230;]<\/p>\n","protected":false},"author":1,"featured_media":2891,"comment_status":"open","ping_status":"open","sticky":false,"template":"","format":"standard","meta":{"_crdt_document":"","_jetpack_memberships_contains_paid_content":false,"footnotes":"","jetpack_publicize_message":"","jetpack_publicize_feature_enabled":true,"jetpack_social_post_already_shared":true,"jetpack_social_options":{"image_generator_settings":{"template":"highway","default_image_id":0,"font":"","enabled":false},"version":2}},"categories":[5],"tags":[],"class_list":["post-2890","post","type-post","status-publish","format-standard","has-post-thumbnail","hentry","category-parana"],"jetpack_publicize_connections":[],"jetpack_featured_media_url":"https:\/\/i0.wp.com\/oexpressobr.com.br\/wp-content\/uploads\/2026\/01\/imagem-explicando-o-que-e-assedio-sexual.jpg?fit=600%2C400&ssl=1","jetpack_likes_enabled":true,"jetpack_sharing_enabled":true,"_links":{"self":[{"href":"https:\/\/oexpressobr.com.br\/index.php?rest_route=\/wp\/v2\/posts\/2890","targetHints":{"allow":["GET"]}}],"collection":[{"href":"https:\/\/oexpressobr.com.br\/index.php?rest_route=\/wp\/v2\/posts"}],"about":[{"href":"https:\/\/oexpressobr.com.br\/index.php?rest_route=\/wp\/v2\/types\/post"}],"author":[{"embeddable":true,"href":"https:\/\/oexpressobr.com.br\/index.php?rest_route=\/wp\/v2\/users\/1"}],"replies":[{"embeddable":true,"href":"https:\/\/oexpressobr.com.br\/index.php?rest_route=%2Fwp%2Fv2%2Fcomments&post=2890"}],"version-history":[{"count":1,"href":"https:\/\/oexpressobr.com.br\/index.php?rest_route=\/wp\/v2\/posts\/2890\/revisions"}],"predecessor-version":[{"id":2892,"href":"https:\/\/oexpressobr.com.br\/index.php?rest_route=\/wp\/v2\/posts\/2890\/revisions\/2892"}],"wp:featuredmedia":[{"embeddable":true,"href":"https:\/\/oexpressobr.com.br\/index.php?rest_route=\/wp\/v2\/media\/2891"}],"wp:attachment":[{"href":"https:\/\/oexpressobr.com.br\/index.php?rest_route=%2Fwp%2Fv2%2Fmedia&parent=2890"}],"wp:term":[{"taxonomy":"category","embeddable":true,"href":"https:\/\/oexpressobr.com.br\/index.php?rest_route=%2Fwp%2Fv2%2Fcategories&post=2890"},{"taxonomy":"post_tag","embeddable":true,"href":"https:\/\/oexpressobr.com.br\/index.php?rest_route=%2Fwp%2Fv2%2Ftags&post=2890"}],"curies":[{"name":"wp","href":"https:\/\/api.w.org\/{rel}","templated":true}]}}