{"id":2893,"date":"2026-01-30T12:40:55","date_gmt":"2026-01-30T15:40:55","guid":{"rendered":"https:\/\/oexpressobr.com.br\/?p=2893"},"modified":"2026-01-30T12:40:56","modified_gmt":"2026-01-30T15:40:56","slug":"privatizacao-da-celepar-sofre-novo-reves-no-tce-pr-enquanto-mundo-reavalia-entrega-de-servicos-essenciais","status":"publish","type":"post","link":"https:\/\/oexpressobr.com.br\/?p=2893","title":{"rendered":"PRIVATIZA\u00c7\u00c3O da Celepar sofre novo rev\u00e9s no TCE-PR enquanto mundo reavalia entrega de servi\u00e7os essenciais"},"content":{"rendered":"\n<p class=\"wp-block-paragraph\">Em um cen\u00e1rio global onde grandes pot\u00eancias econ\u00f4micas iniciam um movimento de reestatiza\u00e7\u00e3o de servi\u00e7os estrat\u00e9gicos, o Paran\u00e1 caminha na contram\u00e3o. Ap\u00f3s a conclus\u00e3o do processo que retirou do Estado o controle acion\u00e1rio da Copel, o governo de Ratinho J\u00fanior (PSD) intensifica os esfor\u00e7os para privatizar a Companhia de Tecnologia da Informa\u00e7\u00e3o e Comunica\u00e7\u00e3o do Paran\u00e1 (Celepar). No entanto, o processo enfrenta uma barreira institucional decisiva: o Tribunal de Contas do Estado (TCE-PR).<\/p>\n\n\n\n<p class=\"wp-block-paragraph\">\u200bNesta \u00faltima quarta-feira (28 de janeiro de 2026), o conselheiro F\u00e1bio Camargo voltou a suspender o leil\u00e3o da estatal, que estava previsto para ocorrer na B3. A decis\u00e3o cautelar fundamenta-se no risco iminente \u00e0 seguran\u00e7a p\u00fablica e \u00e0 soberania de dados. Camargo argumenta que a transfer\u00eancia de sistemas que manipulam informa\u00e7\u00f5es sigilosas \u2014 incluindo dados de seguran\u00e7a, sa\u00fade e educa\u00e7\u00e3o \u2014 para o controle da iniciativa privada fere a Constitui\u00e7\u00e3o e coloca em xeque a privacidade dos paranaenses.<\/p>\n\n\n\n<h3 class=\"wp-block-heading\">\u200bO &#8220;Cora\u00e7\u00e3o Digital&#8221; em Disputa<\/h3>\n\n\n\n<p class=\"wp-block-paragraph\">\u200bA Celepar n\u00e3o \u00e9 apenas uma empresa de processamento de dados; ela \u00e9 o &#8220;c\u00e9rebro&#8221; da administra\u00e7\u00e3o estadual, gerindo mais de 114 sistemas cr\u00edticos de seguran\u00e7a p\u00fablica. &#8220;N\u00e3o podemos permitir que uma empresa estrat\u00e9gica seja entregue ao mercado sem transpar\u00eancia. Proteger esses dados \u00e9 proteger o nosso povo&#8221;, afirmou o deputado Arilson Chiorato (PT), um dos principais articuladores da resist\u00eancia no legislativo.<\/p>\n\n\n\n<p class=\"wp-block-paragraph\">\u200bO governo estadual, por outro lado, defende que a privatiza\u00e7\u00e3o trar\u00e1 moderniza\u00e7\u00e3o e que a gest\u00e3o dos dados permaneceria sob a tutela do Estado, sendo a empresa privada apenas uma &#8220;executora t\u00e9cnica&#8221;. Contudo, cr\u00edticos e \u00f3rg\u00e3os de controle alertam para a depend\u00eancia tecnol\u00f3gica e o risco de uso comercial de bases de dados sens\u00edveis, o que violaria a Lei Geral de Prote\u00e7\u00e3o de Dados (LGPD).<\/p>\n\n\n\n<h3 class=\"wp-block-heading\">\u200bParan\u00e1 na Contram\u00e3o do Mundo<\/h3>\n\n\n\n<p class=\"wp-block-paragraph\">\u200bEnquanto o Paran\u00e1 avan\u00e7a com a agenda de desestatiza\u00e7\u00e3o, o cen\u00e1rio internacional mostra sinais de fadiga do modelo privado em setores essenciais. Dados recentes indicam que cidades em pa\u00edses como Alemanha, Fran\u00e7a e Reino Unido t\u00eam retomado o controle p\u00fablico sobre servi\u00e7os de energia, \u00e1gua e transporte ap\u00f3s experi\u00eancias negativas com aumentos de tarifas e queda na qualidade.<\/p>\n\n\n\n<p class=\"wp-block-paragraph\">\u200bNos Estados Unidos, entre 2000 e o per\u00edodo recente, dezenas de servi\u00e7os foram reestatizados ap\u00f3s o reconhecimento de que a l\u00f3gica do lucro nem sempre \u00e9 compat\u00edvel com a universaliza\u00e7\u00e3o e a seguran\u00e7a do servi\u00e7o p\u00fablico.<\/p>\n\n\n\n<h3 class=\"wp-block-heading\">\u200bConflito Interno no TCE<\/h3>\n\n\n\n<p class=\"wp-block-paragraph\">\u200bO impasse na venda da Celepar tamb\u00e9m revela um racha dentro do pr\u00f3prio Tribunal de Contas. Dias antes da suspens\u00e3o determinada por F\u00e1bio Camargo, o conselheiro Durval Amaral havia liberado a continuidade do certame. A disputa jur\u00eddica agora deve ser resolvida pelo Tribunal Pleno, que analisar\u00e1 se a pressa do governo em &#8220;bater o martelo&#8221; na B3 justifica os riscos apontados \u00e0 soberania digital do estado.<\/p>\n\n\n\n<p class=\"wp-block-paragraph\">\u200bCom a Copel j\u00e1 operando sob controle privado e a Compag\u00e1s na mira, a Celepar tornou-se o principal campo de batalha para aqueles que defendem que patrim\u00f4nio estrat\u00e9gico e dados dos cidad\u00e3os n\u00e3o devem ser tratados como mercadoria.<\/p>\n","protected":false},"excerpt":{"rendered":"<p>Em um cen\u00e1rio global onde grandes pot\u00eancias econ\u00f4micas iniciam um movimento de reestatiza\u00e7\u00e3o de servi\u00e7os estrat\u00e9gicos, o Paran\u00e1 caminha na contram\u00e3o. Ap\u00f3s a conclus\u00e3o do [&#8230;]<\/p>\n","protected":false},"author":1,"featured_media":2894,"comment_status":"open","ping_status":"open","sticky":false,"template":"","format":"standard","meta":{"_crdt_document":"","_jetpack_memberships_contains_paid_content":false,"footnotes":"","jetpack_publicize_message":"","jetpack_publicize_feature_enabled":true,"jetpack_social_post_already_shared":true,"jetpack_social_options":{"image_generator_settings":{"template":"highway","default_image_id":0,"font":"","enabled":false},"version":2}},"categories":[5],"tags":[],"class_list":["post-2893","post","type-post","status-publish","format-standard","has-post-thumbnail","hentry","category-parana"],"jetpack_publicize_connections":[],"jetpack_featured_media_url":"https:\/\/i0.wp.com\/oexpressobr.com.br\/wp-content\/uploads\/2026\/01\/1000316763.jpg?fit=1536%2C916&ssl=1","jetpack_likes_enabled":true,"jetpack_sharing_enabled":true,"_links":{"self":[{"href":"https:\/\/oexpressobr.com.br\/index.php?rest_route=\/wp\/v2\/posts\/2893","targetHints":{"allow":["GET"]}}],"collection":[{"href":"https:\/\/oexpressobr.com.br\/index.php?rest_route=\/wp\/v2\/posts"}],"about":[{"href":"https:\/\/oexpressobr.com.br\/index.php?rest_route=\/wp\/v2\/types\/post"}],"author":[{"embeddable":true,"href":"https:\/\/oexpressobr.com.br\/index.php?rest_route=\/wp\/v2\/users\/1"}],"replies":[{"embeddable":true,"href":"https:\/\/oexpressobr.com.br\/index.php?rest_route=%2Fwp%2Fv2%2Fcomments&post=2893"}],"version-history":[{"count":1,"href":"https:\/\/oexpressobr.com.br\/index.php?rest_route=\/wp\/v2\/posts\/2893\/revisions"}],"predecessor-version":[{"id":2895,"href":"https:\/\/oexpressobr.com.br\/index.php?rest_route=\/wp\/v2\/posts\/2893\/revisions\/2895"}],"wp:featuredmedia":[{"embeddable":true,"href":"https:\/\/oexpressobr.com.br\/index.php?rest_route=\/wp\/v2\/media\/2894"}],"wp:attachment":[{"href":"https:\/\/oexpressobr.com.br\/index.php?rest_route=%2Fwp%2Fv2%2Fmedia&parent=2893"}],"wp:term":[{"taxonomy":"category","embeddable":true,"href":"https:\/\/oexpressobr.com.br\/index.php?rest_route=%2Fwp%2Fv2%2Fcategories&post=2893"},{"taxonomy":"post_tag","embeddable":true,"href":"https:\/\/oexpressobr.com.br\/index.php?rest_route=%2Fwp%2Fv2%2Ftags&post=2893"}],"curies":[{"name":"wp","href":"https:\/\/api.w.org\/{rel}","templated":true}]}}