{"id":2896,"date":"2026-01-30T12:47:18","date_gmt":"2026-01-30T15:47:18","guid":{"rendered":"https:\/\/oexpressobr.com.br\/?p=2896"},"modified":"2026-01-30T12:47:20","modified_gmt":"2026-01-30T15:47:20","slug":"ufpr-e-rebimar-abrem-inscricoes-para-curso-gratuito-de-formacao-ambiental-para-professores","status":"publish","type":"post","link":"https:\/\/oexpressobr.com.br\/?p=2896","title":{"rendered":"UFPR e Rebimar abrem inscri\u00e7\u00f5es para curso gratuito de forma\u00e7\u00e3o ambiental para professores"},"content":{"rendered":"\n<p class=\"wp-block-paragraph\">\u200bO Programa de Recupera\u00e7\u00e3o da Biodiversidade Marinha (Rebimar), em uma a\u00e7\u00e3o estrat\u00e9gica com a Universidade Federal do Paran\u00e1 (UFPR), anunciou a abertura das inscri\u00e7\u00f5es para a 3\u00aa edi\u00e7\u00e3o do <strong>Curso de Forma\u00e7\u00e3o de Professores do Rebimar: Mata Atl\u00e2ntica e Oceano<\/strong>. A iniciativa, que visa fortalecer a educa\u00e7\u00e3o ambiental marinha e costeira, \u00e9 voltada prioritariamente a docentes da rede p\u00fablica e educadores, mas permanece aberta a toda a comunidade interessada.<\/p>\n\n\n\n<p class=\"wp-block-paragraph\">\u200bAs aulas est\u00e3o programadas para come\u00e7ar no dia <strong>5 de fevereiro de 2026<\/strong>. O curso \u00e9 realizado de forma on-line e ass\u00edncrona, utilizando a plataforma do Laborat\u00f3rio M\u00f3vel de Educa\u00e7\u00e3o Cient\u00edfica (LabM\u00f3vel) da UFPR. Esse formato permite que os participantes organizem seus pr\u00f3prios hor\u00e1rios, acessando os m\u00f3dulos ao longo do ano conforme a libera\u00e7\u00e3o do cronograma.<\/p>\n\n\n\n<h3 class=\"wp-block-heading\">\u200bNovidades e Estrutura do Curso<\/h3>\n\n\n\n<p class=\"wp-block-paragraph\">\u200bDiferente de edi\u00e7\u00f5es anteriores, esta fase do programa amplia o debate sobre a &#8220;Sa\u00fade \u00danica&#8221; da Grande Reserva da Mata Atl\u00e2ntica, conectando a conserva\u00e7\u00e3o dos ecossistemas terrestres com a sa\u00fade do oceano. Entre as principais atualiza\u00e7\u00f5es e novidades para este ano, destacam-se:<\/p>\n\n\n\n<ul class=\"wp-block-list\">\n<li>\u200b<strong>Materiais Did\u00e1ticos Exclusivos:<\/strong> Os inscritos ter\u00e3o acesso gratuito \u00e0 apostila <em>&#8220;N\u00f3s e o Mar: A Mata Atl\u00e2ntica e o Oceano&#8221;<\/em> e ao <em>&#8220;Guia de Atividades: Reflorestando o Mar&#8221;<\/em>, materiais atualizados que servem como base para as pr\u00e1ticas em sala de aula.<\/li>\n\n\n\n<li>\u200b<strong>Acessibilidade:<\/strong> Refor\u00e7ando o compromisso com a inclus\u00e3o, as aulas contam com int\u00e9rprete de Libras.<\/li>\n\n\n\n<li>\u200b<strong>Certifica\u00e7\u00e3o:<\/strong> O curso oferece uma carga hor\u00e1ria de 60 horas, com certificado emitido pela UFPR para aqueles que cumprirem os requisitos m\u00ednimos de participa\u00e7\u00e3o.<\/li>\n\n\n\n<li>\u200b<strong>Sem Limite de Vagas:<\/strong> De acordo com as diretrizes da UFPR Aberta, n\u00e3o h\u00e1 um teto r\u00edgido para o n\u00famero de inscritos, permitindo que professores de diversas regi\u00f5es do pa\u00eds se beneficiem do conte\u00fado.<\/li>\n<\/ul>\n\n\n\n<h3 class=\"wp-block-heading\">\u200bImpacto e Parcerias<\/h3>\n\n\n\n<p class=\"wp-block-paragraph\">\u200bO Rebimar \u00e9 um projeto da Associa\u00e7\u00e3o MarBrasil, com patroc\u00ednio da Petrobras por meio do Programa Petrobras Socioambiental. Al\u00e9m da UFPR, a iniciativa conta com o apoio cient\u00edfico de institui\u00e7\u00f5es como a USP, UNESPAR e o Instituto Federal do Paran\u00e1 (IFPR).<\/p>\n\n\n\n<p class=\"wp-block-paragraph\">\u200bAs a\u00e7\u00f5es do programa t\u00eam gerado resultados pr\u00e1ticos no litoral paranaense, como o recente &#8220;Desafio Rebimar 2025&#8221;, que envolveu clubes de ci\u00eancias de escolas estaduais em investiga\u00e7\u00f5es sobre mudan\u00e7as clim\u00e1ticas. O curso de forma\u00e7\u00e3o \u00e9 visto como o elo essencial para que esses conhecimentos cient\u00edficos cheguem de forma did\u00e1tica aos alunos do ensino b\u00e1sico.<\/p>\n\n\n\n<h3 class=\"wp-block-heading\">\u200bServi\u00e7o:<\/h3>\n\n\n\n<ul class=\"wp-block-list\">\n<li>\u200b<strong>Inscri\u00e7\u00f5es:<\/strong> Dispon\u00edveis a partir de 26 de janeiro de 2026 (via formul\u00e1rio oficial ou portal UFPR Aberta).<\/li>\n\n\n\n<li>\u200b<strong>In\u00edcio das aulas:<\/strong> 5 de fevereiro de 2026.<\/li>\n\n\n\n<li>\u200b<strong>Custo:<\/strong> Totalmente gratuito.<\/li>\n\n\n\n<li>\u200b<strong>Links \u00fateis:<\/strong> <a href=\"https:\/\/marbrasil.org\/rebimar\/estao-abertas-as-inscricoes-para-o-curso-de-formacao-de-professores-do-rebimar-mata-atlantica-e-oceano\/\">Acesse aqui para inscri\u00e7\u00f5es e materiais did\u00e1ticos<\/a>.<\/li>\n<\/ul>\n","protected":false},"excerpt":{"rendered":"<p>\u200bO Programa de Recupera\u00e7\u00e3o da Biodiversidade Marinha (Rebimar), em uma a\u00e7\u00e3o estrat\u00e9gica com a Universidade Federal do Paran\u00e1 (UFPR), anunciou a abertura das inscri\u00e7\u00f5es para [&#8230;]<\/p>\n","protected":false},"author":1,"featured_media":2897,"comment_status":"open","ping_status":"open","sticky":false,"template":"","format":"standard","meta":{"_crdt_document":"","_jetpack_memberships_contains_paid_content":false,"footnotes":"","jetpack_publicize_message":"","jetpack_publicize_feature_enabled":true,"jetpack_social_post_already_shared":true,"jetpack_social_options":{"image_generator_settings":{"template":"highway","default_image_id":0,"font":"","enabled":false},"version":2}},"categories":[32],"tags":[],"class_list":["post-2896","post","type-post","status-publish","format-standard","has-post-thumbnail","hentry","category-meio-ambiente"],"jetpack_publicize_connections":[],"jetpack_featured_media_url":"https:\/\/i0.wp.com\/oexpressobr.com.br\/wp-content\/uploads\/2026\/01\/Mata-Atlantica-e-o-Oceano.webp?fit=1392%2C928&ssl=1","jetpack_likes_enabled":true,"jetpack_sharing_enabled":true,"_links":{"self":[{"href":"https:\/\/oexpressobr.com.br\/index.php?rest_route=\/wp\/v2\/posts\/2896","targetHints":{"allow":["GET"]}}],"collection":[{"href":"https:\/\/oexpressobr.com.br\/index.php?rest_route=\/wp\/v2\/posts"}],"about":[{"href":"https:\/\/oexpressobr.com.br\/index.php?rest_route=\/wp\/v2\/types\/post"}],"author":[{"embeddable":true,"href":"https:\/\/oexpressobr.com.br\/index.php?rest_route=\/wp\/v2\/users\/1"}],"replies":[{"embeddable":true,"href":"https:\/\/oexpressobr.com.br\/index.php?rest_route=%2Fwp%2Fv2%2Fcomments&post=2896"}],"version-history":[{"count":1,"href":"https:\/\/oexpressobr.com.br\/index.php?rest_route=\/wp\/v2\/posts\/2896\/revisions"}],"predecessor-version":[{"id":2898,"href":"https:\/\/oexpressobr.com.br\/index.php?rest_route=\/wp\/v2\/posts\/2896\/revisions\/2898"}],"wp:featuredmedia":[{"embeddable":true,"href":"https:\/\/oexpressobr.com.br\/index.php?rest_route=\/wp\/v2\/media\/2897"}],"wp:attachment":[{"href":"https:\/\/oexpressobr.com.br\/index.php?rest_route=%2Fwp%2Fv2%2Fmedia&parent=2896"}],"wp:term":[{"taxonomy":"category","embeddable":true,"href":"https:\/\/oexpressobr.com.br\/index.php?rest_route=%2Fwp%2Fv2%2Fcategories&post=2896"},{"taxonomy":"post_tag","embeddable":true,"href":"https:\/\/oexpressobr.com.br\/index.php?rest_route=%2Fwp%2Fv2%2Ftags&post=2896"}],"curies":[{"name":"wp","href":"https:\/\/api.w.org\/{rel}","templated":true}]}}