{"id":2899,"date":"2026-01-30T12:58:09","date_gmt":"2026-01-30T15:58:09","guid":{"rendered":"https:\/\/oexpressobr.com.br\/?p=2899"},"modified":"2026-01-30T12:58:10","modified_gmt":"2026-01-30T15:58:10","slug":"requiao-filho-consolida-pre-candidatura-ao-governo-e-critica-paralisia-na-gestao-publica-do-parana","status":"publish","type":"post","link":"https:\/\/oexpressobr.com.br\/?p=2899","title":{"rendered":"Requi\u00e3o Filho consolida pr\u00e9-candidatura ao governo e critica &#8220;paralisia&#8221; na gest\u00e3o p\u00fablica do Paran\u00e1"},"content":{"rendered":"\n<p class=\"wp-block-paragraph\">O cen\u00e1rio pol\u00edtico paranaense para 2026 come\u00e7a a ganhar contornos definitivos com a movimenta\u00e7\u00e3o estrat\u00e9gica do deputado estadual <strong>Requi\u00e3o Filho (PDT)<\/strong>. O parlamentar, que recentemente trocou o PT pelo PDT em busca de maior autonomia, tem intensificado o discurso de que o Paran\u00e1 vive uma &#8220;paralisia&#8221; administrativa, mascarada por grandes investimentos em propaganda.<\/p>\n\n\n\n<p class=\"wp-block-paragraph\">\u200bComo principal voz da oposi\u00e7\u00e3o na Assembleia Legislativa do Paran\u00e1 (ALEP), Requi\u00e3o Filho argumenta que a atual gest\u00e3o, sob o comando do governador <strong>Ratinho J\u00fanior<\/strong>, prioriza a privatiza\u00e7\u00e3o de ativos estrat\u00e9gicos \u2014 como a Copel \u2014 em detrimento de investimentos diretos no bem-estar da popula\u00e7\u00e3o e na valoriza\u00e7\u00e3o do servidor p\u00fablico.<\/p>\n\n\n\n<h3 class=\"wp-block-heading\">\u200bAlian\u00e7as e estrat\u00e9gia eleitoral<\/h3>\n\n\n\n<p class=\"wp-block-paragraph\">\u200bEm janeiro de 2026, a articula\u00e7\u00e3o pol\u00edtica de Requi\u00e3o Filho atingiu um novo patamar. Mesmo ap\u00f3s cr\u00edticas \u00e1cidas \u00e0 condu\u00e7\u00e3o nacional do Partido dos Trabalhadores, a <strong>Federa\u00e7\u00e3o Brasil da Esperan\u00e7a (PT, PCdoB e PV)<\/strong> sinalizou apoio \u00e0 sua pr\u00e9-candidatura ao Pal\u00e1cio Igua\u00e7u. O objetivo \u00e9 formar uma frente ampla de esquerda e centro-esquerda para enfrentar nomes como o do senador <strong>Sergio Moro (Uni\u00e3o)<\/strong>, que tamb\u00e9m figura como forte postulante ao cargo.<\/p>\n\n\n\n<blockquote class=\"wp-block-quote is-layout-flow wp-block-quote-is-layout-flow\">\n<p class=\"wp-block-paragraph\">\u200b&#8221;O Paran\u00e1 n\u00e3o pode ser um estado de propaganda. Precisamos de um projeto que discuta o Paran\u00e1 real para os pr\u00f3ximos 30 anos, devolvendo a soberania sobre nossas empresas e garantindo que o desenvolvimento chegue ao pequeno produtor e ao trabalhador&#8221;, afirmou o deputado em recentes plen\u00e1rias.<\/p>\n<\/blockquote>\n\n\n\n<h3 class=\"wp-block-heading\">\u200bOs principais pilares do debate<\/h3>\n\n\n\n<p class=\"wp-block-paragraph\">\u200bPara combater o que chama de &#8220;estagna\u00e7\u00e3o social&#8221;, Requi\u00e3o Filho tem focado sua atua\u00e7\u00e3o em tr\u00eas eixos principais:<\/p>\n\n\n\n<ol class=\"wp-block-list\">\n<li>\u200b<strong>Revis\u00e3o das Privatiza\u00e7\u00f5es:<\/strong> O deputado \u00e9 um cr\u00edtico ferrenho da venda da Copel e defende que o controle estatal \u00e9 fundamental para manter tarifas de energia justas e fomentar a industrializa\u00e7\u00e3o local.<\/li>\n\n\n\n<li>\u200b<strong>Modelo de Ped\u00e1gio:<\/strong> Requi\u00e3o Filho questiona o novo modelo de concess\u00f5es rodovi\u00e1rias, alegando que os pre\u00e7os continuam abusivos e que o governo federal e estadual falharam em proteger o bolso do paranaense.<\/li>\n\n\n\n<li>\u200b<strong>Transpar\u00eancia e Fiscaliza\u00e7\u00e3o:<\/strong> Recentemente, o parlamentar denunciou suspeitas de manipula\u00e7\u00e3o de dados no sistema educacional do estado (IDEB), exigindo auditorias para verificar se os \u00edndices de excel\u00eancia divulgados pela gest\u00e3o Ratinho Jr. condizem com a realidade das salas de aula.<\/li>\n<\/ol>\n\n\n\n<h3 class=\"wp-block-heading\">\u200bPesquisas e proje\u00e7\u00f5es<\/h3>\n\n\n\n<p class=\"wp-block-paragraph\">\u200bDados de levantamentos realizados entre o final de 2025 e o in\u00edcio de 2026 mostram Requi\u00e3o Filho em uma disputa acirrada pela segunda posi\u00e7\u00e3o, aparecendo com cerca de <strong>25% das inten\u00e7\u00f5es de voto<\/strong> em cen\u00e1rios simulados. A estrat\u00e9gia de &#8220;independ\u00eancia&#8221; \u2014 criticando tanto erros da direita estadual quanto falhas da esquerda nacional \u2014 parece estar atraindo um eleitorado insatisfeito com a polariza\u00e7\u00e3o tradicional.<\/p>\n\n\n\n<p class=\"wp-block-paragraph\">\u200bCom a janela partid\u00e1ria e as conven\u00e7\u00f5es se aproximando, o nome de Requi\u00e3o Filho se estabelece como a principal barreira ao projeto de continuidade do atual grupo pol\u00edtico no poder, prometendo uma campanha centrada na &#8220;retomada do Paran\u00e1 para os paranaenses&#8221;.<\/p>\n","protected":false},"excerpt":{"rendered":"<p>O cen\u00e1rio pol\u00edtico paranaense para 2026 come\u00e7a a ganhar contornos definitivos com a movimenta\u00e7\u00e3o estrat\u00e9gica do deputado estadual Requi\u00e3o Filho (PDT). O parlamentar, que recentemente [&#8230;]<\/p>\n","protected":false},"author":1,"featured_media":2900,"comment_status":"open","ping_status":"open","sticky":false,"template":"","format":"standard","meta":{"_crdt_document":"","_jetpack_memberships_contains_paid_content":false,"footnotes":"","jetpack_publicize_message":"","jetpack_publicize_feature_enabled":true,"jetpack_social_post_already_shared":true,"jetpack_social_options":{"image_generator_settings":{"template":"highway","default_image_id":0,"font":"","enabled":false},"version":2}},"categories":[7],"tags":[],"class_list":["post-2899","post","type-post","status-publish","format-standard","has-post-thumbnail","hentry","category-politica"],"jetpack_publicize_connections":[],"jetpack_featured_media_url":"https:\/\/i0.wp.com\/oexpressobr.com.br\/wp-content\/uploads\/2026\/01\/IMG-20260130-WA0086.jpg?fit=1080%2C1350&ssl=1","jetpack_likes_enabled":true,"jetpack_sharing_enabled":true,"_links":{"self":[{"href":"https:\/\/oexpressobr.com.br\/index.php?rest_route=\/wp\/v2\/posts\/2899","targetHints":{"allow":["GET"]}}],"collection":[{"href":"https:\/\/oexpressobr.com.br\/index.php?rest_route=\/wp\/v2\/posts"}],"about":[{"href":"https:\/\/oexpressobr.com.br\/index.php?rest_route=\/wp\/v2\/types\/post"}],"author":[{"embeddable":true,"href":"https:\/\/oexpressobr.com.br\/index.php?rest_route=\/wp\/v2\/users\/1"}],"replies":[{"embeddable":true,"href":"https:\/\/oexpressobr.com.br\/index.php?rest_route=%2Fwp%2Fv2%2Fcomments&post=2899"}],"version-history":[{"count":1,"href":"https:\/\/oexpressobr.com.br\/index.php?rest_route=\/wp\/v2\/posts\/2899\/revisions"}],"predecessor-version":[{"id":2901,"href":"https:\/\/oexpressobr.com.br\/index.php?rest_route=\/wp\/v2\/posts\/2899\/revisions\/2901"}],"wp:featuredmedia":[{"embeddable":true,"href":"https:\/\/oexpressobr.com.br\/index.php?rest_route=\/wp\/v2\/media\/2900"}],"wp:attachment":[{"href":"https:\/\/oexpressobr.com.br\/index.php?rest_route=%2Fwp%2Fv2%2Fmedia&parent=2899"}],"wp:term":[{"taxonomy":"category","embeddable":true,"href":"https:\/\/oexpressobr.com.br\/index.php?rest_route=%2Fwp%2Fv2%2Fcategories&post=2899"},{"taxonomy":"post_tag","embeddable":true,"href":"https:\/\/oexpressobr.com.br\/index.php?rest_route=%2Fwp%2Fv2%2Ftags&post=2899"}],"curies":[{"name":"wp","href":"https:\/\/api.w.org\/{rel}","templated":true}]}}