{"id":290,"date":"2025-12-03T12:42:56","date_gmt":"2025-12-03T15:42:56","guid":{"rendered":"https:\/\/oexpressobr.com.br\/?p=290"},"modified":"2025-12-03T12:42:57","modified_gmt":"2025-12-03T15:42:57","slug":"dulcineia-novaes-se-torna-cidada-honoraria-de-curitiba-e-inspira-geracoes-no-jornalismo","status":"publish","type":"post","link":"https:\/\/oexpressobr.com.br\/?p=290","title":{"rendered":"Dulcin\u00e9ia Novaes Se Torna Cidad\u00e3 Honor\u00e1ria de Curitiba e Inspira Gera\u00e7\u00f5es no Jornalismo"},"content":{"rendered":"\n<p class=\"wp-block-paragraph\"><strong>Aos 70 anos, Dulcin\u00e9ia Novaes \u00e9 refer\u00eancia para jovens jornalistas e para aqueles com tanto tempo de atua\u00e7\u00e3o quanto ela.<\/strong> Com uma trajet\u00f3ria de mais de quatro d\u00e9cadas, a rep\u00f3rter e apresentadora paranaense n\u00e3o apenas celebra seu anivers\u00e1rio, mas tamb\u00e9m coleciona homenagens que atestam seu impacto e &#8220;olhar humanizado&#8221; no telejornalismo. A mais recente delas \u00e9 a concess\u00e3o da <strong>Cidadania Honor\u00e1ria de Curitiba<\/strong>, aprovada recentemente pela C\u00e2mara Municipal da capital paranaense.<\/p>\n\n\n\n<p class=\"wp-block-paragraph\">\u200bA honraria, destinada a pessoas de outras cidades que se destacaram na capital, reconhece a profunda marca deixada por Dulcin\u00e9ia no estado. Formada pela Universidade Estadual de Londrina (UEL) em 1979 e com in\u00edcio de carreira na <strong>Folha de Londrina<\/strong>, a jornalista transferiu-se para Curitiba em 1987, onde construiu sua carreira na TV Coroados, futura RPC (afiliada da Rede Globo).<\/p>\n\n\n\n<p class=\"wp-block-paragraph\">\u200bO projeto de resolu\u00e7\u00e3o que lhe concedeu o t\u00edtulo exalta um jornalismo que \u00e9 &#8220;refer\u00eancia em comunica\u00e7\u00e3o, ensino e representatividade negra&#8221;, focado no respeito e na escuta das pessoas. Vereadores destacaram que a jornalista &#8220;nunca fez o Jornalismo espetacularizado&#8221;, priorizando a qualidade e a confian\u00e7a do p\u00fablico ao longo de sua extensa atua\u00e7\u00e3o.<\/p>\n\n\n\n<h3 class=\"wp-block-heading\">\u200bUma Carreira De Coragem e Reinven\u00e7\u00e3o<\/h3>\n\n\n\n<p class=\"wp-block-paragraph\">\u200bNascida em Martin\u00f3polis (SP) em 9 de agosto de 1955, Dulcin\u00e9ia Novaes construiu sua trajet\u00f3ria com coragem e determina\u00e7\u00e3o, superando as dificuldades de uma fam\u00edlia com poucos recursos. A rep\u00f3rter, que chegou a pensar em mudar de curso na faculdade, se tornou um \u00edcone, sendo homenageada tamb\u00e9m em anos anteriores pela Assembleia Legislativa do Paran\u00e1 (ALEP) com indica\u00e7\u00e3o ao Pr\u00eamio Rosy de Macedo.<\/p>\n\n\n\n<p class=\"wp-block-paragraph\">\u200bEm 2025, ao completar 70 anos e mais de 40 de profiss\u00e3o, a jornalista foi celebrada pela RPC e tamb\u00e9m participou de reportagens especiais, como uma no <em>Globo Rep\u00f3rter<\/em> direto da Rep\u00fablica Dominicana, demonstrando sua vitalidade em campo.<\/p>\n\n\n\n<p class=\"wp-block-paragraph\">\u200bDurante a pandemia de COVID-19, j\u00e1 com mais de 60 anos, Dulcin\u00e9ia provou sua capacidade de reinven\u00e7\u00e3o ao adaptar seu trabalho para o formato remoto, atuando em casa: &#8220;Eu s\u00f3 n\u00e3o editei em casa, mas eu produzi, fiz as reportagens, entrei ao vivo em Rede Nacional&#8221;, contou.<\/p>\n\n\n\n<p class=\"wp-block-paragraph\">\u200bAl\u00e9m do reconhecimento jornal\u00edstico e c\u00edvico, a profissional tamb\u00e9m \u00e9 professora universit\u00e1ria, pesquisando temas como <strong>cibercultura<\/strong> e <strong>webjornalismo<\/strong>, e j\u00e1 recebeu pr\u00eamios importantes como o <strong>Trof\u00e9u Ra\u00e7a Negra<\/strong> e o de <strong>Mulher Destaque<\/strong>, refor\u00e7ando seu papel como inspira\u00e7\u00e3o e voz ativa na representatividade negra. A sua hist\u00f3ria de vida e dedica\u00e7\u00e3o ao jornalismo de qualidade garantem que seu legado continue a influenciar as futuras gera\u00e7\u00f5es da Comunica\u00e7\u00e3o no Paran\u00e1 e no Brasil.<\/p>\n","protected":false},"excerpt":{"rendered":"<p>Aos 70 anos, Dulcin\u00e9ia Novaes \u00e9 refer\u00eancia para jovens jornalistas e para aqueles com tanto tempo de atua\u00e7\u00e3o quanto ela. Com uma trajet\u00f3ria de mais [&#8230;]<\/p>\n","protected":false},"author":1,"featured_media":291,"comment_status":"open","ping_status":"open","sticky":false,"template":"","format":"standard","meta":{"_crdt_document":"","_jetpack_memberships_contains_paid_content":false,"footnotes":"","jetpack_publicize_message":"","jetpack_publicize_feature_enabled":true,"jetpack_social_post_already_shared":false,"jetpack_social_options":{"image_generator_settings":{"template":"highway","default_image_id":0,"font":"","enabled":false},"version":2}},"categories":[5],"tags":[],"class_list":["post-290","post","type-post","status-publish","format-standard","has-post-thumbnail","hentry","category-parana"],"jetpack_publicize_connections":[],"jetpack_featured_media_url":"https:\/\/i0.wp.com\/oexpressobr.com.br\/wp-content\/uploads\/2025\/12\/1001803770.png.jpg?fit=984%2C566&ssl=1","jetpack_likes_enabled":true,"jetpack_sharing_enabled":true,"_links":{"self":[{"href":"https:\/\/oexpressobr.com.br\/index.php?rest_route=\/wp\/v2\/posts\/290","targetHints":{"allow":["GET"]}}],"collection":[{"href":"https:\/\/oexpressobr.com.br\/index.php?rest_route=\/wp\/v2\/posts"}],"about":[{"href":"https:\/\/oexpressobr.com.br\/index.php?rest_route=\/wp\/v2\/types\/post"}],"author":[{"embeddable":true,"href":"https:\/\/oexpressobr.com.br\/index.php?rest_route=\/wp\/v2\/users\/1"}],"replies":[{"embeddable":true,"href":"https:\/\/oexpressobr.com.br\/index.php?rest_route=%2Fwp%2Fv2%2Fcomments&post=290"}],"version-history":[{"count":0,"href":"https:\/\/oexpressobr.com.br\/index.php?rest_route=\/wp\/v2\/posts\/290\/revisions"}],"wp:featuredmedia":[{"embeddable":true,"href":"https:\/\/oexpressobr.com.br\/index.php?rest_route=\/wp\/v2\/media\/291"}],"wp:attachment":[{"href":"https:\/\/oexpressobr.com.br\/index.php?rest_route=%2Fwp%2Fv2%2Fmedia&parent=290"}],"wp:term":[{"taxonomy":"category","embeddable":true,"href":"https:\/\/oexpressobr.com.br\/index.php?rest_route=%2Fwp%2Fv2%2Fcategories&post=290"},{"taxonomy":"post_tag","embeddable":true,"href":"https:\/\/oexpressobr.com.br\/index.php?rest_route=%2Fwp%2Fv2%2Ftags&post=290"}],"curies":[{"name":"wp","href":"https:\/\/api.w.org\/{rel}","templated":true}]}}