{"id":2905,"date":"2026-01-30T13:14:52","date_gmt":"2026-01-30T16:14:52","guid":{"rendered":"https:\/\/oexpressobr.com.br\/?p=2905"},"modified":"2026-01-30T13:14:53","modified_gmt":"2026-01-30T16:14:53","slug":"homem-de-cafelandia-e-denunciado-pelo-mppr-apos-usar-ia-para-criar-pornografia-nao-consentida","status":"publish","type":"post","link":"https:\/\/oexpressobr.com.br\/?p=2905","title":{"rendered":"Homem de Cafel\u00e2ndia \u00e9 denunciado pelo MPPR ap\u00f3s usar IA para criar pornografia n\u00e3o consentida"},"content":{"rendered":"\n<p class=\"wp-block-paragraph\">\u200bA den\u00fancia, apresentada por meio da Promotoria de Justi\u00e7a da comarca de Nova Aurora, detalha que o jovem teria manipulado fotos reais das v\u00edtimas para inseri-las em contextos de nudez ou atos sexuais. O caso gerou grande repercuss\u00e3o na regi\u00e3o e acendeu um alerta sobre os limites \u00e9ticos e legais do uso da IA Generativa.<\/p>\n\n\n\n<p class=\"wp-block-paragraph\">\u200bDe acordo com as investiga\u00e7\u00f5es, o denunciado n\u00e3o apenas criava o conte\u00fado, mas tamb\u00e9m o utilizava como forma de exposi\u00e7\u00e3o e poss\u00edvel constrangimento das v\u00edtimas. O MPPR baseou a acusa\u00e7\u00e3o no C\u00f3digo Penal, que j\u00e1 prev\u00ea puni\u00e7\u00f5es para quem realiza montagens que incluam pessoas em cenas de sexo ou pornografia sem autoriza\u00e7\u00e3o.<\/p>\n\n\n\n<p class=\"wp-block-paragraph\">\u200b<strong>Cen\u00e1rio Legislativo e Novas Puni\u00e7\u00f5es<\/strong><\/p>\n\n\n\n<p class=\"wp-block-paragraph\">O caso de Cafel\u00e2ndia ocorre em um momento de endurecimento legislativo no Brasil. Atualmente, o Congresso Nacional discute projetos de lei (como o PL 370\/2024 e o PL 5721\/2023) que visam aumentar drasticamente as penas para quem utiliza IA para fins difamat\u00f3rios ou sexuais. Entre as propostas, est\u00e3o:<\/p>\n\n\n\n<ul class=\"wp-block-list\">\n<li>\u200b<strong>Aumento de pena:<\/strong> Propostas sugerem que a pena seja multiplicada em at\u00e9 cinco vezes quando o crime envolver o uso de intelig\u00eancia artificial para criar falsos v\u00eddeos ou imagens (deepfakes).<\/li>\n\n\n\n<li>\u200b<strong>Tipifica\u00e7\u00e3o espec\u00edfica:<\/strong> A cria\u00e7\u00e3o e divulga\u00e7\u00e3o de conte\u00fado sint\u00e9tico inaut\u00eantico com teor sexual passar\u00e1 a ter penas de reclus\u00e3o de 1 a 3 anos, al\u00e9m de multas severas.<\/li>\n<\/ul>\n\n\n\n<p class=\"wp-block-paragraph\">\u200b<strong>Impacto nas V\u00edtimas<\/strong><\/p>\n\n\n\n<p class=\"wp-block-paragraph\">Especialistas em direito digital refor\u00e7am que crimes dessa natureza causam danos psicol\u00f3gicos imensur\u00e1veis e irrepar\u00e1veis \u00e0 honra e \u00e0 autoimagem das v\u00edtimas. No caso do Paran\u00e1, o MPPR busca garantir que o respons\u00e1vel responda criminalmente pela viola\u00e7\u00e3o da dignidade sexual das envolvidas.<\/p>\n\n\n\n<p class=\"wp-block-paragraph\">\u200bAs autoridades orientam que qualquer pessoa que identifique o uso indevido de sua imagem em conte\u00fados gerados por IA deve procurar a Pol\u00edcia Civil ou o Minist\u00e9rio P\u00fablico, preservando as provas digitais (prints, links e arquivos) para fundamentar a investiga\u00e7\u00e3o. O processo contra o homem de Cafel\u00e2ndia segue agora os tr\u00e2mites do Poder Judici\u00e1rio.<\/p>\n","protected":false},"excerpt":{"rendered":"<p>\u200bA den\u00fancia, apresentada por meio da Promotoria de Justi\u00e7a da comarca de Nova Aurora, detalha que o jovem teria manipulado fotos reais das v\u00edtimas para [&#8230;]<\/p>\n","protected":false},"author":1,"featured_media":2907,"comment_status":"open","ping_status":"open","sticky":false,"template":"","format":"standard","meta":{"_crdt_document":"","_jetpack_memberships_contains_paid_content":false,"footnotes":"","jetpack_publicize_message":"","jetpack_publicize_feature_enabled":true,"jetpack_social_post_already_shared":true,"jetpack_social_options":{"image_generator_settings":{"template":"highway","default_image_id":0,"font":"","enabled":false},"version":2}},"categories":[9],"tags":[],"class_list":["post-2905","post","type-post","status-publish","format-standard","has-post-thumbnail","hentry","category-policia"],"jetpack_publicize_connections":[],"jetpack_featured_media_url":"https:\/\/i0.wp.com\/oexpressobr.com.br\/wp-content\/uploads\/2026\/01\/Crime_Digital.jpg.webp?fit=771%2C521&ssl=1","jetpack_likes_enabled":true,"jetpack_sharing_enabled":true,"_links":{"self":[{"href":"https:\/\/oexpressobr.com.br\/index.php?rest_route=\/wp\/v2\/posts\/2905","targetHints":{"allow":["GET"]}}],"collection":[{"href":"https:\/\/oexpressobr.com.br\/index.php?rest_route=\/wp\/v2\/posts"}],"about":[{"href":"https:\/\/oexpressobr.com.br\/index.php?rest_route=\/wp\/v2\/types\/post"}],"author":[{"embeddable":true,"href":"https:\/\/oexpressobr.com.br\/index.php?rest_route=\/wp\/v2\/users\/1"}],"replies":[{"embeddable":true,"href":"https:\/\/oexpressobr.com.br\/index.php?rest_route=%2Fwp%2Fv2%2Fcomments&post=2905"}],"version-history":[{"count":1,"href":"https:\/\/oexpressobr.com.br\/index.php?rest_route=\/wp\/v2\/posts\/2905\/revisions"}],"predecessor-version":[{"id":2908,"href":"https:\/\/oexpressobr.com.br\/index.php?rest_route=\/wp\/v2\/posts\/2905\/revisions\/2908"}],"wp:featuredmedia":[{"embeddable":true,"href":"https:\/\/oexpressobr.com.br\/index.php?rest_route=\/wp\/v2\/media\/2907"}],"wp:attachment":[{"href":"https:\/\/oexpressobr.com.br\/index.php?rest_route=%2Fwp%2Fv2%2Fmedia&parent=2905"}],"wp:term":[{"taxonomy":"category","embeddable":true,"href":"https:\/\/oexpressobr.com.br\/index.php?rest_route=%2Fwp%2Fv2%2Fcategories&post=2905"},{"taxonomy":"post_tag","embeddable":true,"href":"https:\/\/oexpressobr.com.br\/index.php?rest_route=%2Fwp%2Fv2%2Ftags&post=2905"}],"curies":[{"name":"wp","href":"https:\/\/api.w.org\/{rel}","templated":true}]}}