{"id":2911,"date":"2026-01-30T13:21:11","date_gmt":"2026-01-30T16:21:11","guid":{"rendered":"https:\/\/oexpressobr.com.br\/?p=2911"},"modified":"2026-01-30T13:21:13","modified_gmt":"2026-01-30T16:21:13","slug":"advogada-e-presa-em-marmeleiro-por-descumprir-medidas-judiciais-e-coagir-testemunha-em-processo","status":"publish","type":"post","link":"https:\/\/oexpressobr.com.br\/?p=2911","title":{"rendered":"Advogada \u00e9 presa em Marmeleiro por descumprir medidas judiciais e coagir testemunha em processo"},"content":{"rendered":"\n<p class=\"wp-block-paragraph\">A Pol\u00edcia Civil do Paran\u00e1 (PCPR) cumpriu, na manh\u00e3 desta quinta-feira (29 de janeiro de 2026), um mandado de pris\u00e3o preventiva contra uma advogada de 45 anos na regi\u00e3o central de Marmeleiro. A a\u00e7\u00e3o ocorre ap\u00f3s o Minist\u00e9rio P\u00fablico do Paran\u00e1 (MPPR) denunciar a profissional pelo crime de coa\u00e7\u00e3o no curso do processo, agravado pelo descumprimento sistem\u00e1tico de medidas cautelares impostas pela Justi\u00e7a.<\/p>\n\n\n\n<h3 class=\"wp-block-heading\">\u200bO descumprimento e a reitera\u00e7\u00e3o criminosa<\/h3>\n\n\n\n<p class=\"wp-block-paragraph\">\u200bDe acordo com as investiga\u00e7\u00f5es conduzidas pela 19\u00aa Subdivis\u00e3o Policial (SDP) e as informa\u00e7\u00f5es divulgadas pelo MPPR, a advogada j\u00e1 estava sob restri\u00e7\u00f5es judiciais. Entre as medidas impostas, ela estava proibida de exercer a advocacia devido \u00e0 suspens\u00e3o de sua inscri\u00e7\u00e3o na Ordem dos Advogados do Brasil (OAB).<\/p>\n\n\n\n<p class=\"wp-block-paragraph\">\u200bContudo, o Judici\u00e1rio constatou que a acusada ignorou as ordens judiciais e continuou a atuar profissionalmente de forma irregular. Al\u00e9m disso, surgiram novas evid\u00eancias de que ela estaria coagindo testemunhas para beneficiar sua situa\u00e7\u00e3o em processos em andamento, o que motivou o pedido de pris\u00e3o preventiva para garantir a ordem p\u00fablica e a instru\u00e7\u00e3o criminal.<\/p>\n\n\n\n<h3 class=\"wp-block-heading\">\u200bProcedimentos legais<\/h3>\n\n\n\n<p class=\"wp-block-paragraph\">\u200bAp\u00f3s ser localizada, a advogada foi levada \u00e0 delegacia para os procedimentos de praxe e, em seguida, encaminhada ao Departamento de Pol\u00edcia Penal (DEPPEN). Como possui prerrogativa de classe, a OAB costuma acompanhar o cumprimento de tais mandados, mas, no caso em quest\u00e3o, a pr\u00f3pria suspens\u00e3o da inscri\u00e7\u00e3o profissional agrava a situa\u00e7\u00e3o administrativa da r\u00e9 perante o Tribunal de \u00c9tica e Disciplina da entidade.<\/p>\n\n\n\n<h3 class=\"wp-block-heading\">\u200bEntenda o crime de coa\u00e7\u00e3o no curso do processo<\/h3>\n\n\n\n<p class=\"wp-block-paragraph\">\u200bPrevisto no artigo 344 do C\u00f3digo Penal, o crime de coa\u00e7\u00e3o no curso do processo consiste em usar de viol\u00eancia ou grave amea\u00e7a contra qualquer pessoa que intervenha em processo judicial (testemunha, perito, juiz, promotor) com o fim de favorecer interesse pr\u00f3prio ou alheio. A pena pode chegar a quatro anos de reclus\u00e3o, al\u00e9m de multa e penalidades correspondentes \u00e0 viol\u00eancia.<\/p>\n\n\n\n<p class=\"wp-block-paragraph\">\u200bA defesa da advogada n\u00e3o havia se manifestado publicamente at\u00e9 o fechamento desta edi\u00e7\u00e3o. O espa\u00e7o segue aberto para o posicionamento de seus representantes legais.<\/p>\n","protected":false},"excerpt":{"rendered":"<p>A Pol\u00edcia Civil do Paran\u00e1 (PCPR) cumpriu, na manh\u00e3 desta quinta-feira (29 de janeiro de 2026), um mandado de pris\u00e3o preventiva contra uma advogada de [&#8230;]<\/p>\n","protected":false},"author":1,"featured_media":2912,"comment_status":"open","ping_status":"open","sticky":false,"template":"","format":"standard","meta":{"_crdt_document":"","_jetpack_memberships_contains_paid_content":false,"footnotes":"","jetpack_publicize_message":"","jetpack_publicize_feature_enabled":true,"jetpack_social_post_already_shared":true,"jetpack_social_options":{"image_generator_settings":{"template":"highway","default_image_id":0,"font":"","enabled":false},"version":2}},"categories":[9],"tags":[],"class_list":["post-2911","post","type-post","status-publish","format-standard","has-post-thumbnail","hentry","category-policia"],"jetpack_publicize_connections":[],"jetpack_featured_media_url":"https:\/\/i0.wp.com\/oexpressobr.com.br\/wp-content\/uploads\/2026\/01\/Marmeleiro-PR.jpg.webp?fit=800%2C515&ssl=1","jetpack_likes_enabled":true,"jetpack_sharing_enabled":true,"_links":{"self":[{"href":"https:\/\/oexpressobr.com.br\/index.php?rest_route=\/wp\/v2\/posts\/2911","targetHints":{"allow":["GET"]}}],"collection":[{"href":"https:\/\/oexpressobr.com.br\/index.php?rest_route=\/wp\/v2\/posts"}],"about":[{"href":"https:\/\/oexpressobr.com.br\/index.php?rest_route=\/wp\/v2\/types\/post"}],"author":[{"embeddable":true,"href":"https:\/\/oexpressobr.com.br\/index.php?rest_route=\/wp\/v2\/users\/1"}],"replies":[{"embeddable":true,"href":"https:\/\/oexpressobr.com.br\/index.php?rest_route=%2Fwp%2Fv2%2Fcomments&post=2911"}],"version-history":[{"count":1,"href":"https:\/\/oexpressobr.com.br\/index.php?rest_route=\/wp\/v2\/posts\/2911\/revisions"}],"predecessor-version":[{"id":2913,"href":"https:\/\/oexpressobr.com.br\/index.php?rest_route=\/wp\/v2\/posts\/2911\/revisions\/2913"}],"wp:featuredmedia":[{"embeddable":true,"href":"https:\/\/oexpressobr.com.br\/index.php?rest_route=\/wp\/v2\/media\/2912"}],"wp:attachment":[{"href":"https:\/\/oexpressobr.com.br\/index.php?rest_route=%2Fwp%2Fv2%2Fmedia&parent=2911"}],"wp:term":[{"taxonomy":"category","embeddable":true,"href":"https:\/\/oexpressobr.com.br\/index.php?rest_route=%2Fwp%2Fv2%2Fcategories&post=2911"},{"taxonomy":"post_tag","embeddable":true,"href":"https:\/\/oexpressobr.com.br\/index.php?rest_route=%2Fwp%2Fv2%2Ftags&post=2911"}],"curies":[{"name":"wp","href":"https:\/\/api.w.org\/{rel}","templated":true}]}}