{"id":2920,"date":"2026-01-30T21:47:59","date_gmt":"2026-01-31T00:47:59","guid":{"rendered":"https:\/\/oexpressobr.com.br\/?p=2920"},"modified":"2026-01-30T21:48:00","modified_gmt":"2026-01-31T00:48:00","slug":"camara-municipal-impulsiona-desenvolvimento-urbano-atraves-de-aprovacoes-estrategicas-em-setores-essenciais","status":"publish","type":"post","link":"https:\/\/oexpressobr.com.br\/?p=2920","title":{"rendered":"C\u00e2mara Municipal impulsiona desenvolvimento urbano atrav\u00e9s de aprova\u00e7\u00f5es estrat\u00e9gicas em setores essenciais"},"content":{"rendered":"\n<p class=\"wp-block-paragraph\">O trabalho realizado nos bastidores da C\u00e2mara de Vereadores tem se transformado em mudan\u00e7as tang\u00edveis no cotidiano da popula\u00e7\u00e3o. Longe de ser apenas um espa\u00e7o de debates ret\u00f3ricos, o Legislativo municipal consolidou-se como o &#8220;pulm\u00e3o&#8221; administrativo da cidade, onde projetos de lei e libera\u00e7\u00f5es or\u00e7ament\u00e1rias definem o ritmo de crescimento em \u00e1reas cr\u00edticas como <strong>sa\u00fade, educa\u00e7\u00e3o, infraestrutura, esporte e cultura<\/strong>.<\/p>\n\n\n\n<h3 class=\"wp-block-heading\">O papel do Legislativo na pr\u00e1tica<\/h3>\n\n\n\n<p class=\"wp-block-paragraph\">Todo investimento p\u00fablico realizado pela Prefeitura precisa, obrigatoriamente, passar pelo crivo dos vereadores. \u00c9 no plen\u00e1rio que se decide a destina\u00e7\u00e3o de recursos e a viabilidade de obras que impactam diretamente a vida do cidad\u00e3o.<\/p>\n\n\n\n<ul class=\"wp-block-list\">\n<li><strong>Sa\u00fade e Educa\u00e7\u00e3o:<\/strong> Aprova\u00e7\u00e3o de repasses para constru\u00e7\u00e3o de UBSs (Unidades B\u00e1sicas de Sa\u00fade) e manuten\u00e7\u00e3o de creches.<\/li>\n\n\n\n<li><strong>Infraestrutura:<\/strong> Vota\u00e7\u00e3o de planos de pavimenta\u00e7\u00e3o e saneamento b\u00e1sico que modernizam os bairros.<\/li>\n\n\n\n<li><strong>Cultura e Esporte:<\/strong> Incentivo a editais e projetos de inclus\u00e3o social atrav\u00e9s do lazer.<\/li>\n<\/ul>\n\n\n\n<h3 class=\"wp-block-heading\">O impacto das Emendas Impositivas<\/h3>\n\n\n\n<p class=\"wp-block-paragraph\">Uma das principais novidades que tem acelerado essas melhorias \u00e9 o uso das <strong>Emendas Impositivas<\/strong>. Por meio delas, os vereadores t\u00eam autonomia para destinar fatias do or\u00e7amento diretamente para demandas espec\u00edficas da comunidade.<\/p>\n\n\n\n<blockquote class=\"wp-block-quote is-layout-flow wp-block-quote-is-layout-flow\">\n<p class=\"wp-block-paragraph\">&#8220;A C\u00e2mara n\u00e3o apenas fiscaliza; ela prop\u00f5e. O resultado que se v\u00ea na rua, como uma nova pra\u00e7a ou uma escola reformada, nasceu de um debate intenso nas comiss\u00f5es tem\u00e1ticas&#8221;, afirma o corpo t\u00e9cnico do Legislativo.<\/p>\n<\/blockquote>\n\n\n\n<h3 class=\"wp-block-heading\">Transpar\u00eancia e participa\u00e7\u00e3o digital<\/h3>\n\n\n\n<p class=\"wp-block-paragraph\">Com a moderniza\u00e7\u00e3o dos portais de transpar\u00eancia e a transmiss\u00e3o ao vivo das sess\u00f5es, o acompanhamento do trabalho legislativo tornou-se mais acess\u00edvel. Atualmente, a tend\u00eancia \u00e9 a utiliza\u00e7\u00e3o de <strong>consultas p\u00fablicas digitais<\/strong>, permitindo que o cidad\u00e3o opine sobre onde o dinheiro deve ser investido antes mesmo da vota\u00e7\u00e3o final.<\/p>\n\n\n\n<p class=\"wp-block-paragraph\">A integra\u00e7\u00e3o entre as secretarias municipais e a C\u00e2mara tem sido o diferencial para garantir que as promessas de campanha se transformem em servi\u00e7os eficientes, mostrando que a pol\u00edtica local \u00e9 a ferramenta mais pr\u00f3xima de transforma\u00e7\u00e3o na vida das pessoas.<\/p>\n","protected":false},"excerpt":{"rendered":"<p>O trabalho realizado nos bastidores da C\u00e2mara de Vereadores tem se transformado em mudan\u00e7as tang\u00edveis no cotidiano da popula\u00e7\u00e3o. Longe de ser apenas um espa\u00e7o [&#8230;]<\/p>\n","protected":false},"author":1,"featured_media":2921,"comment_status":"open","ping_status":"open","sticky":false,"template":"","format":"standard","meta":{"_crdt_document":"","_jetpack_memberships_contains_paid_content":false,"footnotes":"","jetpack_publicize_message":"","jetpack_publicize_feature_enabled":true,"jetpack_social_post_already_shared":true,"jetpack_social_options":{"image_generator_settings":{"template":"highway","default_image_id":0,"font":"","enabled":false},"version":2}},"categories":[4],"tags":[],"class_list":["post-2920","post","type-post","status-publish","format-standard","has-post-thumbnail","hentry","category-maringa"],"jetpack_publicize_connections":[],"jetpack_featured_media_url":"https:\/\/i0.wp.com\/oexpressobr.com.br\/wp-content\/uploads\/2026\/01\/3e7da438-258c-441a-9265-79a194d37e52.jpg?fit=1080%2C1350&ssl=1","jetpack_likes_enabled":true,"jetpack_sharing_enabled":true,"_links":{"self":[{"href":"https:\/\/oexpressobr.com.br\/index.php?rest_route=\/wp\/v2\/posts\/2920","targetHints":{"allow":["GET"]}}],"collection":[{"href":"https:\/\/oexpressobr.com.br\/index.php?rest_route=\/wp\/v2\/posts"}],"about":[{"href":"https:\/\/oexpressobr.com.br\/index.php?rest_route=\/wp\/v2\/types\/post"}],"author":[{"embeddable":true,"href":"https:\/\/oexpressobr.com.br\/index.php?rest_route=\/wp\/v2\/users\/1"}],"replies":[{"embeddable":true,"href":"https:\/\/oexpressobr.com.br\/index.php?rest_route=%2Fwp%2Fv2%2Fcomments&post=2920"}],"version-history":[{"count":1,"href":"https:\/\/oexpressobr.com.br\/index.php?rest_route=\/wp\/v2\/posts\/2920\/revisions"}],"predecessor-version":[{"id":2922,"href":"https:\/\/oexpressobr.com.br\/index.php?rest_route=\/wp\/v2\/posts\/2920\/revisions\/2922"}],"wp:featuredmedia":[{"embeddable":true,"href":"https:\/\/oexpressobr.com.br\/index.php?rest_route=\/wp\/v2\/media\/2921"}],"wp:attachment":[{"href":"https:\/\/oexpressobr.com.br\/index.php?rest_route=%2Fwp%2Fv2%2Fmedia&parent=2920"}],"wp:term":[{"taxonomy":"category","embeddable":true,"href":"https:\/\/oexpressobr.com.br\/index.php?rest_route=%2Fwp%2Fv2%2Fcategories&post=2920"},{"taxonomy":"post_tag","embeddable":true,"href":"https:\/\/oexpressobr.com.br\/index.php?rest_route=%2Fwp%2Fv2%2Ftags&post=2920"}],"curies":[{"name":"wp","href":"https:\/\/api.w.org\/{rel}","templated":true}]}}