{"id":2925,"date":"2026-01-31T09:12:49","date_gmt":"2026-01-31T12:12:49","guid":{"rendered":"https:\/\/oexpressobr.com.br\/?p=2925"},"modified":"2026-01-31T09:12:51","modified_gmt":"2026-01-31T12:12:51","slug":"adolescentes-suspeitos-de-matar-cao-orelha-desembarcam-no-brasil-e-tem-celulares-apreendidos-pela-policia","status":"publish","type":"post","link":"https:\/\/oexpressobr.com.br\/?p=2925","title":{"rendered":"Adolescentes suspeitos de matar c\u00e3o Orelha desembarcam no Brasil e t\u00eam celulares apreendidos pela Pol\u00edcia"},"content":{"rendered":"\n<p class=\"wp-block-paragraph\">Os dois adolescentes suspeitos de envolvimento no espancamento e morte do c\u00e3o comunit\u00e1rio Orelha desembarcaram no Brasil na noite desta quinta-feira (30), ap\u00f3s uma viagem aos Estados Unidos. A chegada dos jovens foi acompanhada por uma opera\u00e7\u00e3o da Pol\u00edcia Civil de Santa Catarina, que cumpriu mandados de busca e apreens\u00e3o e recolheu os aparelhos celulares dos investigados para per\u00edcia.<\/p>\n\n\n\n<p class=\"wp-block-paragraph\">\u200bDe acordo com as investiga\u00e7\u00f5es, os adolescentes estavam em uma viagem pr\u00e9-programada \u00e0 Disney quando o caso ganhou repercuss\u00e3o nacional. Eles s\u00e3o apontados, junto a outros dois menores j\u00e1 identificados, como autores das agress\u00f5es brutais que levaram \u00e0 morte do animal na Praia Brava, em Florian\u00f3polis, no in\u00edcio de janeiro.<\/p>\n\n\n\n<p class=\"wp-block-paragraph\">\u200b<strong>Desdobramentos e coa\u00e7\u00e3o<\/strong><\/p>\n\n\n\n<p class=\"wp-block-paragraph\">Al\u00e9m dos menores, a Pol\u00edcia Civil indiciou tr\u00eas adultos \u2014 dois pais e um tio dos jovens \u2014 pelo crime de coa\u00e7\u00e3o no curso do processo. Eles s\u00e3o acusados de utilizar viol\u00eancia e amea\u00e7as, inclusive com o uso de arma de fogo, para intimidar testemunhas e um porteiro da regi\u00e3o, na tentativa de obstruir as investiga\u00e7\u00f5es.<\/p>\n\n\n\n<p class=\"wp-block-paragraph\">\u200b<strong>O crime e o clamor por justi\u00e7a<\/strong><\/p>\n\n\n\n<p class=\"wp-block-paragraph\">Orelha era um c\u00e3o comunit\u00e1rio de aproximadamente 10 anos, d\u00f3cil e cuidado por moradores locais. No dia 4 de janeiro, ele foi brutalmente espancado com pauladas na regi\u00e3o da cabe\u00e7a. O animal foi encontrado agonizando dias depois e, devido \u00e0 gravidade irrevers\u00edvel dos ferimentos, precisou ser submetido \u00e0 eutan\u00e1sia.<\/p>\n\n\n\n<p class=\"wp-block-paragraph\">\u200bO caso mobilizou ativistas da causa animal e celebridades como a cantora Ana Castela e o humorista Rafael Portugal, gerando uma onda de protestos e press\u00e3o para a altera\u00e7\u00e3o de leis de prote\u00e7\u00e3o animal no estado.<\/p>\n\n\n\n<p class=\"wp-block-paragraph\">\u200b<strong>Pr\u00f3ximos passos<\/strong><\/p>\n\n\n\n<p class=\"wp-block-paragraph\">Os adolescentes foram intimados a prestar depoimento oficial nos pr\u00f3ximos dias. Por serem menores de idade, o caso \u00e9 tratado sob as diretrizes do Estatuto da Crian\u00e7a e do Adolescente (ECA), podendo resultar em medidas socioeducativas que incluem a interna\u00e7\u00e3o por at\u00e9 tr\u00eas anos.<\/p>\n\n\n\n<p class=\"wp-block-paragraph\">\u200bA Pol\u00edcia Cient\u00edfica agora trabalha na extra\u00e7\u00e3o de dados dos dispositivos apreendidos para verificar se houve planejamento do ataque ou se outros animais foram v\u00edtimas do grupo. H\u00e1 tamb\u00e9m ind\u00edcios de que os jovens teriam tentado afogar um segundo c\u00e3o, apelidado de Caramelo, que sobreviveu e foi adotado pelo delegado-geral da Pol\u00edcia Civil catarinense.<\/p>\n\n\n\n<p class=\"wp-block-paragraph\"><\/p>\n","protected":false},"excerpt":{"rendered":"<p>Os dois adolescentes suspeitos de envolvimento no espancamento e morte do c\u00e3o comunit\u00e1rio Orelha desembarcaram no Brasil na noite desta quinta-feira (30), ap\u00f3s uma viagem [&#8230;]<\/p>\n","protected":false},"author":1,"featured_media":2926,"comment_status":"open","ping_status":"open","sticky":false,"template":"","format":"standard","meta":{"_crdt_document":"","_jetpack_memberships_contains_paid_content":false,"footnotes":"","jetpack_publicize_message":"","jetpack_publicize_feature_enabled":true,"jetpack_social_post_already_shared":true,"jetpack_social_options":{"image_generator_settings":{"template":"highway","default_image_id":0,"font":"","enabled":false},"version":2}},"categories":[3],"tags":[],"class_list":["post-2925","post","type-post","status-publish","format-standard","has-post-thumbnail","hentry","category-brasil"],"jetpack_publicize_connections":[],"jetpack_featured_media_url":"https:\/\/i0.wp.com\/oexpressobr.com.br\/wp-content\/uploads\/2026\/01\/cao-orelha-de-praia-brava.webp?fit=1170%2C700&ssl=1","jetpack_likes_enabled":true,"jetpack_sharing_enabled":true,"_links":{"self":[{"href":"https:\/\/oexpressobr.com.br\/index.php?rest_route=\/wp\/v2\/posts\/2925","targetHints":{"allow":["GET"]}}],"collection":[{"href":"https:\/\/oexpressobr.com.br\/index.php?rest_route=\/wp\/v2\/posts"}],"about":[{"href":"https:\/\/oexpressobr.com.br\/index.php?rest_route=\/wp\/v2\/types\/post"}],"author":[{"embeddable":true,"href":"https:\/\/oexpressobr.com.br\/index.php?rest_route=\/wp\/v2\/users\/1"}],"replies":[{"embeddable":true,"href":"https:\/\/oexpressobr.com.br\/index.php?rest_route=%2Fwp%2Fv2%2Fcomments&post=2925"}],"version-history":[{"count":1,"href":"https:\/\/oexpressobr.com.br\/index.php?rest_route=\/wp\/v2\/posts\/2925\/revisions"}],"predecessor-version":[{"id":2927,"href":"https:\/\/oexpressobr.com.br\/index.php?rest_route=\/wp\/v2\/posts\/2925\/revisions\/2927"}],"wp:featuredmedia":[{"embeddable":true,"href":"https:\/\/oexpressobr.com.br\/index.php?rest_route=\/wp\/v2\/media\/2926"}],"wp:attachment":[{"href":"https:\/\/oexpressobr.com.br\/index.php?rest_route=%2Fwp%2Fv2%2Fmedia&parent=2925"}],"wp:term":[{"taxonomy":"category","embeddable":true,"href":"https:\/\/oexpressobr.com.br\/index.php?rest_route=%2Fwp%2Fv2%2Fcategories&post=2925"},{"taxonomy":"post_tag","embeddable":true,"href":"https:\/\/oexpressobr.com.br\/index.php?rest_route=%2Fwp%2Fv2%2Ftags&post=2925"}],"curies":[{"name":"wp","href":"https:\/\/api.w.org\/{rel}","templated":true}]}}