{"id":2928,"date":"2026-01-31T09:20:02","date_gmt":"2026-01-31T12:20:02","guid":{"rendered":"https:\/\/oexpressobr.com.br\/?p=2928"},"modified":"2026-01-31T09:20:03","modified_gmt":"2026-01-31T12:20:03","slug":"inpe-e-governo-federal-monitoram-alta-de-100-nos-focos-de-calor-em-janeiro-de-2026","status":"publish","type":"post","link":"https:\/\/oexpressobr.com.br\/?p=2928","title":{"rendered":"Inpe e governo federal monitoram alta de 100% nos focos de calor em janeiro de 2026"},"content":{"rendered":"\n<p class=\"wp-block-paragraph\">\u200bO Departamento Estadual de Tr\u00e2nsito do Paran\u00e1 (Detran-PR) oficializou uma mudan\u00e7a hist\u00f3rica no processo de forma\u00e7\u00e3o de condutores no estado: a <strong>extin\u00e7\u00e3o da baliza<\/strong> como etapa obrigat\u00f3ria do exame pr\u00e1tico para a categoria B (carros). A medida, que j\u00e1 gera debates entre especialistas e futuros motoristas, visa modernizar e agilizar o fluxo de emiss\u00e3o da Carteira Nacional de Habilita\u00e7\u00e3o (CNH).<\/p>\n\n\n\n<h3 class=\"wp-block-heading\">\u200bO que muda na pr\u00e1tica?<\/h3>\n\n\n\n<p class=\"wp-block-paragraph\">\u200bDe acordo com as novas diretrizes, o candidato n\u00e3o precisar\u00e1 mais realizar a manobra de estacionamento entre balizadores em um espa\u00e7o delimitado antes de seguir para a prova de rua.<\/p>\n\n\n\n<ul class=\"wp-block-list\">\n<li>\u200b<strong>Foco no tr\u00e2nsito real:<\/strong> O Detran-PR justifica que a compet\u00eancia do motorista ser\u00e1 avaliada de forma mais rigorosa durante o percurso em via p\u00fablica, onde o dom\u00ednio do ve\u00edculo e o respeito \u00e0 sinaliza\u00e7\u00e3o s\u00e3o cruciais.<\/li>\n\n\n\n<li>\u200b<strong>Agilidade no agendamento:<\/strong> Com a remo\u00e7\u00e3o dessa etapa, o tempo m\u00e9dio de cada exame diminui, permitindo que as Ciretrans (Circunscri\u00e7\u00f5es Regionais de Tr\u00e2nsito) atendam uma demanda maior de alunos por dia, reduzindo as filas de espera.<\/li>\n<\/ul>\n\n\n\n<h3 class=\"wp-block-heading\">\u200bContexto e Repercuss\u00e3o<\/h3>\n\n\n\n<p class=\"wp-block-paragraph\">\u200bA decis\u00e3o coloca o Paran\u00e1 na vanguarda de uma discuss\u00e3o nacional sobre a desburocratiza\u00e7\u00e3o do processo de habilita\u00e7\u00e3o. Embora para muitos alunos a baliza fosse o &#8220;terror&#8221; do exame, especialistas em seguran\u00e7a vi\u00e1ria demonstram cautela.<\/p>\n\n\n\n<blockquote class=\"wp-block-quote is-layout-flow wp-block-quote-is-layout-flow\">\n<p class=\"wp-block-paragraph\">\u200b&#8221;A manobra de estacionamento exige no\u00e7\u00e3o de espa\u00e7o e controle de embreagem. Remov\u00ea-la pode facilitar o acesso \u00e0 CNH, mas as autoescolas precisam garantir que essa habilidade ainda seja ensinada com excel\u00eancia nas aulas pr\u00e1ticas&#8221;, afirmam consultores do setor.<\/p>\n<\/blockquote>\n\n\n\n<h3 class=\"wp-block-heading\">\u200bSitua\u00e7\u00e3o atualizada (Janeiro de 2026)<\/h3>\n\n\n\n<p class=\"wp-block-paragraph\">\u200bAs \u00faltimas atualiza\u00e7\u00f5es indicam que o sistema de monitoramento por c\u00e2meras e telemetria, j\u00e1 amplamente utilizado no estado, ser\u00e1 o principal aliado para garantir que a avalia\u00e7\u00e3o de rua supra a aus\u00eancia da baliza. O Detran-PR tamb\u00e9m estuda a implementa\u00e7\u00e3o de <strong>novas simula\u00e7\u00f5es de situa\u00e7\u00f5es de risco<\/strong> durante o percurso pr\u00e1tico para compensar a simplifica\u00e7\u00e3o da manobra inicial.<\/p>\n","protected":false},"excerpt":{"rendered":"<p>\u200bO Departamento Estadual de Tr\u00e2nsito do Paran\u00e1 (Detran-PR) oficializou uma mudan\u00e7a hist\u00f3rica no processo de forma\u00e7\u00e3o de condutores no estado: a extin\u00e7\u00e3o da baliza como [&#8230;]<\/p>\n","protected":false},"author":1,"featured_media":2929,"comment_status":"open","ping_status":"open","sticky":false,"template":"","format":"standard","meta":{"_crdt_document":"","_jetpack_memberships_contains_paid_content":false,"footnotes":"","jetpack_publicize_message":"","jetpack_publicize_feature_enabled":true,"jetpack_social_post_already_shared":true,"jetpack_social_options":{"image_generator_settings":{"template":"highway","default_image_id":0,"font":"","enabled":false},"version":2}},"categories":[32],"tags":[],"class_list":["post-2928","post","type-post","status-publish","format-standard","has-post-thumbnail","hentry","category-meio-ambiente"],"jetpack_publicize_connections":[],"jetpack_featured_media_url":"https:\/\/i0.wp.com\/oexpressobr.com.br\/wp-content\/uploads\/2026\/01\/ja_2854.webp?fit=1170%2C700&ssl=1","jetpack_likes_enabled":true,"jetpack_sharing_enabled":true,"_links":{"self":[{"href":"https:\/\/oexpressobr.com.br\/index.php?rest_route=\/wp\/v2\/posts\/2928","targetHints":{"allow":["GET"]}}],"collection":[{"href":"https:\/\/oexpressobr.com.br\/index.php?rest_route=\/wp\/v2\/posts"}],"about":[{"href":"https:\/\/oexpressobr.com.br\/index.php?rest_route=\/wp\/v2\/types\/post"}],"author":[{"embeddable":true,"href":"https:\/\/oexpressobr.com.br\/index.php?rest_route=\/wp\/v2\/users\/1"}],"replies":[{"embeddable":true,"href":"https:\/\/oexpressobr.com.br\/index.php?rest_route=%2Fwp%2Fv2%2Fcomments&post=2928"}],"version-history":[{"count":1,"href":"https:\/\/oexpressobr.com.br\/index.php?rest_route=\/wp\/v2\/posts\/2928\/revisions"}],"predecessor-version":[{"id":2930,"href":"https:\/\/oexpressobr.com.br\/index.php?rest_route=\/wp\/v2\/posts\/2928\/revisions\/2930"}],"wp:featuredmedia":[{"embeddable":true,"href":"https:\/\/oexpressobr.com.br\/index.php?rest_route=\/wp\/v2\/media\/2929"}],"wp:attachment":[{"href":"https:\/\/oexpressobr.com.br\/index.php?rest_route=%2Fwp%2Fv2%2Fmedia&parent=2928"}],"wp:term":[{"taxonomy":"category","embeddable":true,"href":"https:\/\/oexpressobr.com.br\/index.php?rest_route=%2Fwp%2Fv2%2Fcategories&post=2928"},{"taxonomy":"post_tag","embeddable":true,"href":"https:\/\/oexpressobr.com.br\/index.php?rest_route=%2Fwp%2Fv2%2Ftags&post=2928"}],"curies":[{"name":"wp","href":"https:\/\/api.w.org\/{rel}","templated":true}]}}