{"id":293,"date":"2025-12-03T12:51:06","date_gmt":"2025-12-03T15:51:06","guid":{"rendered":"https:\/\/oexpressobr.com.br\/?p=293"},"modified":"2025-12-03T12:51:07","modified_gmt":"2025-12-03T15:51:07","slug":"adolescente-e-esfaqueado-por-colega-apos-briga-em-sala-de-aula-em-cascavel","status":"publish","type":"post","link":"https:\/\/oexpressobr.com.br\/?p=293","title":{"rendered":"Adolescente \u00c9 Esfaqueado Por Colega Ap\u00f3s Briga Em Sala De Aula Em Cascavel"},"content":{"rendered":"\n<p class=\"wp-block-paragraph\"><em>Agressor, que seria maior de idade, foi preso pela Pol\u00edcia Militar na regi\u00e3o norte da cidade. V\u00edtima foi encaminhada \u00e0 UPA Bras\u00edlia com ferimentos no rosto, tronco e costas.<\/em><\/p>\n\n\n\n<p class=\"wp-block-paragraph\">\u200bUm adolescente de <strong>17 anos<\/strong> foi v\u00edtima de uma tentativa de homic\u00eddio na noite de ter\u00e7a-feira (2) em Cascavel, no oeste do Paran\u00e1. Ele foi <strong>esfaqueado cinco vezes<\/strong> em regi\u00f5es vitais como o <strong>rosto, tronco e costas<\/strong>, ap\u00f3s uma briga que teria iniciado dentro de uma sala de aula.<\/p>\n\n\n\n<p class=\"wp-block-paragraph\">\u200bSegundo informa\u00e7\u00f5es da Pol\u00edcia Militar (PM), que atendeu a ocorr\u00eancia na regi\u00e3o norte da cidade, o suspeito do ataque admitiu o crime e afirmou que a motiva\u00e7\u00e3o foi uma discuss\u00e3o com a v\u00edtima no ambiente escolar.<\/p>\n\n\n\n<p class=\"wp-block-paragraph\">\u200bAs \u00faltimas informa\u00e7\u00f5es apuradas pela imprensa local indicam que o agressor seria um <strong>rapaz de 18 anos<\/strong>, que foi preso pela PM pouco tempo depois do crime. O ataque, que come\u00e7ou como uma confus\u00e3o na escola, teria terminado nas proximidades, em uma rua do Loteamento Florais do Paran\u00e1.<\/p>\n\n\n\n<p class=\"wp-block-paragraph\">\u200bA v\u00edtima recebeu os primeiros socorros de equipes do Siate e foi <strong>encaminhada \u00e0 Unidade de Pronto Atendimento (UPA) Bras\u00edlia<\/strong> para avalia\u00e7\u00e3o e tratamento m\u00e9dico.<\/p>\n\n\n\n<p class=\"wp-block-paragraph\">\u200bO caso choca a comunidade e acende o alerta sobre a viol\u00eancia no ambiente escolar. A Pol\u00edcia Civil deve instaurar inqu\u00e9rito para apurar a fundo as circunst\u00e2ncias e as reais motiva\u00e7\u00f5es do ataque.<\/p>\n","protected":false},"excerpt":{"rendered":"<p>Agressor, que seria maior de idade, foi preso pela Pol\u00edcia Militar na regi\u00e3o norte da cidade. V\u00edtima foi encaminhada \u00e0 UPA Bras\u00edlia com ferimentos no [&#8230;]<\/p>\n","protected":false},"author":1,"featured_media":294,"comment_status":"open","ping_status":"open","sticky":false,"template":"","format":"standard","meta":{"_crdt_document":"","_jetpack_memberships_contains_paid_content":false,"footnotes":"","jetpack_publicize_message":"","jetpack_publicize_feature_enabled":true,"jetpack_social_post_already_shared":false,"jetpack_social_options":{"image_generator_settings":{"template":"highway","default_image_id":0,"font":"","enabled":false},"version":2}},"categories":[9],"tags":[],"class_list":["post-293","post","type-post","status-publish","format-standard","has-post-thumbnail","hentry","category-policia"],"jetpack_publicize_connections":[],"jetpack_featured_media_url":"https:\/\/i0.wp.com\/oexpressobr.com.br\/wp-content\/uploads\/2025\/12\/g1-pr-19-.jpeg?fit=984%2C553&ssl=1","jetpack_likes_enabled":true,"jetpack_sharing_enabled":true,"_links":{"self":[{"href":"https:\/\/oexpressobr.com.br\/index.php?rest_route=\/wp\/v2\/posts\/293","targetHints":{"allow":["GET"]}}],"collection":[{"href":"https:\/\/oexpressobr.com.br\/index.php?rest_route=\/wp\/v2\/posts"}],"about":[{"href":"https:\/\/oexpressobr.com.br\/index.php?rest_route=\/wp\/v2\/types\/post"}],"author":[{"embeddable":true,"href":"https:\/\/oexpressobr.com.br\/index.php?rest_route=\/wp\/v2\/users\/1"}],"replies":[{"embeddable":true,"href":"https:\/\/oexpressobr.com.br\/index.php?rest_route=%2Fwp%2Fv2%2Fcomments&post=293"}],"version-history":[{"count":0,"href":"https:\/\/oexpressobr.com.br\/index.php?rest_route=\/wp\/v2\/posts\/293\/revisions"}],"wp:featuredmedia":[{"embeddable":true,"href":"https:\/\/oexpressobr.com.br\/index.php?rest_route=\/wp\/v2\/media\/294"}],"wp:attachment":[{"href":"https:\/\/oexpressobr.com.br\/index.php?rest_route=%2Fwp%2Fv2%2Fmedia&parent=293"}],"wp:term":[{"taxonomy":"category","embeddable":true,"href":"https:\/\/oexpressobr.com.br\/index.php?rest_route=%2Fwp%2Fv2%2Fcategories&post=293"},{"taxonomy":"post_tag","embeddable":true,"href":"https:\/\/oexpressobr.com.br\/index.php?rest_route=%2Fwp%2Fv2%2Ftags&post=293"}],"curies":[{"name":"wp","href":"https:\/\/api.w.org\/{rel}","templated":true}]}}