{"id":2938,"date":"2026-01-31T10:37:24","date_gmt":"2026-01-31T13:37:24","guid":{"rendered":"https:\/\/oexpressobr.com.br\/?p=2938"},"modified":"2026-01-31T10:37:25","modified_gmt":"2026-01-31T13:37:25","slug":"leo-santana-e-bloco-da-gold-arrastam-multidao-no-circuito-preta-gil-durante-o-pre-carnaval-do-rio","status":"publish","type":"post","link":"https:\/\/oexpressobr.com.br\/?p=2938","title":{"rendered":"L\u00e9o Santana e Bloco da Gold arrastam multid\u00e3o no Circuito Preta Gil durante o pr\u00e9-carnaval do Rio"},"content":{"rendered":"\n<p class=\"wp-block-paragraph\">\u200bO cora\u00e7\u00e3o do Rio de Janeiro bateu no ritmo do pagod\u00e3o baiano na manh\u00e3 deste s\u00e1bado (31). O <strong>Bloco da Gold<\/strong>, uma das atra\u00e7\u00f5es mais aguardadas do calend\u00e1rio de pr\u00e9-carnaval, transformou a <strong>Rua Primeiro de Mar\u00e7o<\/strong>, no Centro, em um verdadeiro mar de gente. Sob o comando do gigante <strong>L\u00e9o Santana<\/strong>, o evento marcou a consolida\u00e7\u00e3o do <strong>Circuito Preta Gil<\/strong> como um dos pontos nevr\u00e1lgicos da folia carioca em 2026.<\/p>\n\n\n\n<h3 class=\"wp-block-heading\">\u200bO Gigante no comando<\/h3>\n\n\n\n<p class=\"wp-block-paragraph\">\u200bDesde as primeiras horas da manh\u00e3, milhares de foli\u00f5es j\u00e1 ocupavam as imedia\u00e7\u00f5es da Candel\u00e1ria. L\u00e9o Santana, conhecido por sua energia inesgot\u00e1vel, n\u00e3o decepcionou. O repert\u00f3rio misturou sucessos consolidados de sua carreira com as apostas para o &#8220;Hit do Ver\u00e3o&#8221;, mantendo o p\u00fablico em transe sob o sol forte da capital fluminense.<\/p>\n\n\n\n<blockquote class=\"wp-block-quote is-layout-flow wp-block-quote-is-layout-flow\">\n<p class=\"wp-block-paragraph\">\u200b&#8221;A energia do Rio \u00e9 \u00fanica. Estar no Circuito Preta Gil, cercado por essa multid\u00e3o, \u00e9 o combust\u00edvel que a gente precisa para abrir oficialmente os trabalhos do Carnaval&#8221;, afirmou o cantor durante a apresenta\u00e7\u00e3o.<\/p>\n<\/blockquote>\n\n\n\n<h3 class=\"wp-block-heading\">\u200bLog\u00edstica e Seguran\u00e7a<\/h3>\n\n\n\n<p class=\"wp-block-paragraph\">\u200bPara garantir a fluidez do evento, a Prefeitura do Rio montou um esquema especial de tr\u00e2nsito e seguran\u00e7a:<\/p>\n\n\n\n<ul class=\"wp-block-list\">\n<li>\u200b<strong>Interdi\u00e7\u00f5es:<\/strong> A Rua Primeiro de Mar\u00e7o e vias adjacentes foram fechadas para ve\u00edculos desde a madrugada.<\/li>\n\n\n\n<li>\u200b<strong>Refor\u00e7o Policial:<\/strong> O programa Rio+Seguro e a Pol\u00edcia Militar ampliaram o efetivo para coibir furtos e garantir o bem-estar dos foli\u00f5es.<\/li>\n\n\n\n<li>\u200b<strong>Limpeza:<\/strong> Equipes da Comlurb atuam em sistema de rod\u00edzio para manter a organiza\u00e7\u00e3o das vias ap\u00f3s a passagem do trio.<\/li>\n<\/ul>\n\n\n\n<h3 class=\"wp-block-heading\">\u200bHomenagem e Diversidade<\/h3>\n\n\n\n<p class=\"wp-block-paragraph\">\u200bO nome do trajeto, <strong>Circuito Preta Gil<\/strong>, \u00e9 uma celebra\u00e7\u00e3o \u00e0 resili\u00eancia e ao legado da cantora no Carnaval carioca. A escolha do Bloco da Gold para este espa\u00e7o refor\u00e7a a tend\u00eancia de interc\u00e2mbio cultural entre o ax\u00e9 baiano e o samba carioca, atraindo turistas de todo o pa\u00eds que escolheram o Rio para o feriado prolongado.<\/p>\n\n\n\n<p class=\"wp-block-paragraph\">\u200b<strong>Novidades de 2026:<\/strong><\/p>\n\n\n\n<p class=\"wp-block-paragraph\">Este ano, o bloco implementou o uso de <strong>pulseiras inteligentes<\/strong> para facilitar pagamentos e acesso a \u00e1reas exclusivas, al\u00e9m de contar com pontos de hidrata\u00e7\u00e3o gratuita espalhados pelo percurso, uma resposta direta \u00e0s ondas de calor que t\u00eam atingido o Sudeste.<\/p>\n","protected":false},"excerpt":{"rendered":"<p>\u200bO cora\u00e7\u00e3o do Rio de Janeiro bateu no ritmo do pagod\u00e3o baiano na manh\u00e3 deste s\u00e1bado (31). O Bloco da Gold, uma das atra\u00e7\u00f5es mais [&#8230;]<\/p>\n","protected":false},"author":1,"featured_media":2939,"comment_status":"open","ping_status":"open","sticky":false,"template":"","format":"standard","meta":{"_crdt_document":"","_jetpack_memberships_contains_paid_content":false,"footnotes":"","jetpack_publicize_message":"","jetpack_publicize_feature_enabled":true,"jetpack_social_post_already_shared":true,"jetpack_social_options":{"image_generator_settings":{"template":"highway","default_image_id":0,"font":"","enabled":false},"version":2}},"categories":[3],"tags":[],"class_list":["post-2938","post","type-post","status-publish","format-standard","has-post-thumbnail","hentry","category-brasil"],"jetpack_publicize_connections":[],"jetpack_featured_media_url":"https:\/\/i0.wp.com\/oexpressobr.com.br\/wp-content\/uploads\/2026\/01\/IMG-20260131-WA0090.jpg?fit=1600%2C900&ssl=1","jetpack_likes_enabled":true,"jetpack_sharing_enabled":true,"_links":{"self":[{"href":"https:\/\/oexpressobr.com.br\/index.php?rest_route=\/wp\/v2\/posts\/2938","targetHints":{"allow":["GET"]}}],"collection":[{"href":"https:\/\/oexpressobr.com.br\/index.php?rest_route=\/wp\/v2\/posts"}],"about":[{"href":"https:\/\/oexpressobr.com.br\/index.php?rest_route=\/wp\/v2\/types\/post"}],"author":[{"embeddable":true,"href":"https:\/\/oexpressobr.com.br\/index.php?rest_route=\/wp\/v2\/users\/1"}],"replies":[{"embeddable":true,"href":"https:\/\/oexpressobr.com.br\/index.php?rest_route=%2Fwp%2Fv2%2Fcomments&post=2938"}],"version-history":[{"count":1,"href":"https:\/\/oexpressobr.com.br\/index.php?rest_route=\/wp\/v2\/posts\/2938\/revisions"}],"predecessor-version":[{"id":2940,"href":"https:\/\/oexpressobr.com.br\/index.php?rest_route=\/wp\/v2\/posts\/2938\/revisions\/2940"}],"wp:featuredmedia":[{"embeddable":true,"href":"https:\/\/oexpressobr.com.br\/index.php?rest_route=\/wp\/v2\/media\/2939"}],"wp:attachment":[{"href":"https:\/\/oexpressobr.com.br\/index.php?rest_route=%2Fwp%2Fv2%2Fmedia&parent=2938"}],"wp:term":[{"taxonomy":"category","embeddable":true,"href":"https:\/\/oexpressobr.com.br\/index.php?rest_route=%2Fwp%2Fv2%2Fcategories&post=2938"},{"taxonomy":"post_tag","embeddable":true,"href":"https:\/\/oexpressobr.com.br\/index.php?rest_route=%2Fwp%2Fv2%2Ftags&post=2938"}],"curies":[{"name":"wp","href":"https:\/\/api.w.org\/{rel}","templated":true}]}}