{"id":2941,"date":"2026-01-31T10:43:54","date_gmt":"2026-01-31T13:43:54","guid":{"rendered":"https:\/\/oexpressobr.com.br\/?p=2941"},"modified":"2026-01-31T10:43:55","modified_gmt":"2026-01-31T13:43:55","slug":"tempestade-causa-queda-de-arvore-e-morte-de-350-periquitos-no-interior-do-maranhao-especialistas-explicam-tragedia","status":"publish","type":"post","link":"https:\/\/oexpressobr.com.br\/?p=2941","title":{"rendered":"Tempestade causa queda de \u00e1rvore e morte de 350 periquitos no interior do Maranh\u00e3o; especialistas explicam trag\u00e9dia"},"content":{"rendered":"\n<p class=\"wp-block-paragraph\">A queda de um eucalipto de aproximadamente 32 metros de altura durante uma forte tempestade em <strong>Lajeado Novo<\/strong>, no interior do Maranh\u00e3o, resultou na morte de mais de <strong>350 periquitos<\/strong> na madrugada da \u00faltima quarta-feira (28). O incidente, que mobilizou moradores e \u00f3rg\u00e3os ambientais como o <strong>Ibama<\/strong> e o <strong>ICMBio<\/strong>, levantou questionamentos sobre o motivo de as aves n\u00e3o terem voado para escapar do impacto.<\/p>\n\n\n\n<h3 class=\"wp-block-heading\">\u200bPor que as aves n\u00e3o fugiram?<\/h3>\n\n\n\n<p class=\"wp-block-paragraph\">\u200bDe acordo com m\u00e9dicos-veterin\u00e1rios e especialistas em fauna silvestre que acompanham o caso, uma combina\u00e7\u00e3o de fatores biol\u00f3gicos e clim\u00e1ticos impediu a fuga do bando:<\/p>\n\n\n\n<ul class=\"wp-block-list\">\n<li>\u200b<strong>H\u00e1bito Noturno e Diurno:<\/strong> Os periquitos s\u00e3o aves diurnas. Durante a noite, eles entram em um estado de repouso profundo e evitam voar para n\u00e3o se tornarem presas f\u00e1ceis para predadores. Ao permanecerem im\u00f3veis e agrupados no dormit\u00f3rio, o tempo de rea\u00e7\u00e3o diante da queda repentina da \u00e1rvore foi nulo para a maioria.<\/li>\n\n\n\n<li>\u200b<strong>Penas Encharcadas:<\/strong> Diferente de aves aqu\u00e1ticas, os periquitos n\u00e3o possuem penas totalmente imperme\u00e1veis. A chuva intensa que precedeu a queda encharcou as asas, tornando-as pesadas e retirando a efici\u00eancia de sustenta\u00e7\u00e3o necess\u00e1ria para um voo de emerg\u00eancia.<\/li>\n\n\n\n<li>\u200b<strong>Condi\u00e7\u00f5es Clim\u00e1ticas Extremas:<\/strong> Ventos fortes e turbul\u00eancia dificultam a decolagem de aves de pequeno porte, que tamb\u00e9m ficam suscet\u00edveis \u00e0 hipotermia e desorienta\u00e7\u00e3o em meio a temporais.<\/li>\n<\/ul>\n\n\n\n<h3 class=\"wp-block-heading\">\u200bResgate e situa\u00e7\u00e3o atual<\/h3>\n\n\n\n<p class=\"wp-block-paragraph\">\u200bAp\u00f3s o desabamento da \u00e1rvore no povoado Passagem Boa, moradores locais iniciaram os primeiros socorros. Segundo o balan\u00e7o mais recente das autoridades:<\/p>\n\n\n\n<ol class=\"wp-block-list\">\n<li>\u200b<strong>V\u00edtimas:<\/strong> Cerca de 350 aves morreram no local devido ao trauma do impacto.<\/li>\n\n\n\n<li>\u200b<strong>Sobreviventes:<\/strong> Aproximadamente <strong>30 aves foram resgatadas com vida<\/strong>. Destas, tr\u00eas morreram durante o transporte para a capital.<\/li>\n\n\n\n<li>\u200b<strong>Tratamento:<\/strong> Os sobreviventes foram encaminhados ao <strong>Centro de Triagem de Animais Silvestres (Cetas)<\/strong> do Ibama, em S\u00e3o Lu\u00eds, onde recebem cuidados para fraturas nas asas e traumas.<\/li>\n<\/ol>\n","protected":false},"excerpt":{"rendered":"<p>A queda de um eucalipto de aproximadamente 32 metros de altura durante uma forte tempestade em Lajeado Novo, no interior do Maranh\u00e3o, resultou na morte [&#8230;]<\/p>\n","protected":false},"author":1,"featured_media":2943,"comment_status":"open","ping_status":"open","sticky":false,"template":"","format":"standard","meta":{"_crdt_document":"","_jetpack_memberships_contains_paid_content":false,"footnotes":"","jetpack_publicize_message":"","jetpack_publicize_feature_enabled":true,"jetpack_social_post_already_shared":true,"jetpack_social_options":{"image_generator_settings":{"template":"highway","default_image_id":0,"font":"","enabled":false},"version":2}},"categories":[32],"tags":[],"class_list":["post-2941","post","type-post","status-publish","format-standard","has-post-thumbnail","hentry","category-meio-ambiente"],"jetpack_publicize_connections":[],"jetpack_featured_media_url":"https:\/\/i0.wp.com\/oexpressobr.com.br\/wp-content\/uploads\/2026\/01\/IMG-20260131-WA0097.jpg?fit=984%2C554&ssl=1","jetpack_likes_enabled":true,"jetpack_sharing_enabled":true,"_links":{"self":[{"href":"https:\/\/oexpressobr.com.br\/index.php?rest_route=\/wp\/v2\/posts\/2941","targetHints":{"allow":["GET"]}}],"collection":[{"href":"https:\/\/oexpressobr.com.br\/index.php?rest_route=\/wp\/v2\/posts"}],"about":[{"href":"https:\/\/oexpressobr.com.br\/index.php?rest_route=\/wp\/v2\/types\/post"}],"author":[{"embeddable":true,"href":"https:\/\/oexpressobr.com.br\/index.php?rest_route=\/wp\/v2\/users\/1"}],"replies":[{"embeddable":true,"href":"https:\/\/oexpressobr.com.br\/index.php?rest_route=%2Fwp%2Fv2%2Fcomments&post=2941"}],"version-history":[{"count":1,"href":"https:\/\/oexpressobr.com.br\/index.php?rest_route=\/wp\/v2\/posts\/2941\/revisions"}],"predecessor-version":[{"id":2944,"href":"https:\/\/oexpressobr.com.br\/index.php?rest_route=\/wp\/v2\/posts\/2941\/revisions\/2944"}],"wp:featuredmedia":[{"embeddable":true,"href":"https:\/\/oexpressobr.com.br\/index.php?rest_route=\/wp\/v2\/media\/2943"}],"wp:attachment":[{"href":"https:\/\/oexpressobr.com.br\/index.php?rest_route=%2Fwp%2Fv2%2Fmedia&parent=2941"}],"wp:term":[{"taxonomy":"category","embeddable":true,"href":"https:\/\/oexpressobr.com.br\/index.php?rest_route=%2Fwp%2Fv2%2Fcategories&post=2941"},{"taxonomy":"post_tag","embeddable":true,"href":"https:\/\/oexpressobr.com.br\/index.php?rest_route=%2Fwp%2Fv2%2Ftags&post=2941"}],"curies":[{"name":"wp","href":"https:\/\/api.w.org\/{rel}","templated":true}]}}