{"id":2945,"date":"2026-01-31T10:51:03","date_gmt":"2026-01-31T13:51:03","guid":{"rendered":"https:\/\/oexpressobr.com.br\/?p=2945"},"modified":"2026-01-31T10:51:04","modified_gmt":"2026-01-31T13:51:04","slug":"protetor-solar-de-loja-de-obra-vira-febre-e-especialistas-explicam-por-que-ele-e-mais-barato","status":"publish","type":"post","link":"https:\/\/oexpressobr.com.br\/?p=2945","title":{"rendered":"Protetor solar de &#8220;loja de obra&#8221; vira febre e especialistas explicam por que ele \u00e9 mais barato"},"content":{"rendered":"\n<p class=\"wp-block-paragraph\">Nas \u00faltimas semanas, um item inusitado saltou das prateleiras de lojas de materiais de constru\u00e7\u00e3o e lojas de <strong>Equipamentos de Prote\u00e7\u00e3o Individual (EPI)<\/strong> direto para o topo das recomenda\u00e7\u00f5es nas redes sociais: o <strong>protetor solar de uso profissional<\/strong>.<\/p>\n\n\n\n<p class=\"wp-block-paragraph\">\u200bO fen\u00f4meno viralizou ap\u00f3s usu\u00e1rios compartilharem a descoberta de embalagens de at\u00e9 <strong>1 litro<\/strong> custando significativamente menos do que os frascos convencionais de <strong>50ml<\/strong> ou <strong>200ml<\/strong> vendidos em farm\u00e1cias e perfumarias. Mas afinal, o produto que protege o pedreiro \u00e9 o mesmo que protege o banhista na praia?<\/p>\n\n\n\n<h3 class=\"wp-block-heading\">\u200bMesma prote\u00e7\u00e3o, prop\u00f3sitos diferentes<\/h3>\n\n\n\n<p class=\"wp-block-paragraph\">\u200bDe acordo com dermatologistas e \u00f3rg\u00e3os reguladores, a resposta curta \u00e9 <strong>sim<\/strong>: a efic\u00e1cia de prote\u00e7\u00e3o contra os raios <strong>UVA<\/strong> e <strong>UVB<\/strong> \u00e9 rigorosamente a mesma, desde que o produto possua registro na <strong>Anvisa<\/strong>.<\/p>\n\n\n\n<p class=\"wp-block-paragraph\">\u200bA principal diferen\u00e7a n\u00e3o est\u00e1 no &#8220;filtro&#8221; que barra o sol, mas na <strong>formula\u00e7\u00e3o cosm\u00e9tica<\/strong> e no <strong>modelo de neg\u00f3cio<\/strong>:<\/p>\n\n\n\n<h3 class=\"wp-block-heading\">Por que \u00e9 t\u00e3o mais barato?<\/h3>\n\n\n\n<p class=\"wp-block-paragraph\">\u200bO pre\u00e7o reduzido nas lojas de constru\u00e7\u00e3o e EPI deve-se \u00e0 <strong>estrat\u00e9gia comercial<\/strong>. Enquanto marcas de luxo investem milh\u00f5es em publicidade e f\u00f3rmulas com &#8220;toque de seda&#8221;, as fabricantes de protetores profissionais focam no fornecimento industrial.<\/p>\n\n\n\n<p class=\"wp-block-paragraph\">\u200bEmpresas s\u00e3o obrigadas por lei a zelar pela sa\u00fade do trabalhador exposto ao sol. Por isso, compram gal\u00f5es para que os funcion\u00e1rios possam se lambuzar sem economia \u2014 o que barateia o custo de produ\u00e7\u00e3o e envase.<\/p>\n\n\n\n<h3 class=\"wp-block-heading\">\u200bO que dizem os especialistas<\/h3>\n\n\n\n<p class=\"wp-block-paragraph\">\u200bEmbora a prote\u00e7\u00e3o seja garantida, dermatologistas fazem um alerta para quem pretende usar o produto no rosto, especialmente quem tem pele oleosa ou tend\u00eancia a acne.<\/p>\n\n\n\n<blockquote class=\"wp-block-quote is-layout-flow wp-block-quote-is-layout-flow\">\n<p class=\"wp-block-paragraph\">\u200b&#8221;O protetor profissional \u00e9 formulado para resistir a condi\u00e7\u00f5es extremas de trabalho e suor pesado. Isso muitas vezes significa uma f\u00f3rmula mais &#8216;pesada&#8217; que pode obstruir os poros de peles sens\u00edveis, causando espinhas&#8221;, explicam especialistas em dermatologia.<\/p>\n<\/blockquote>\n\n\n\n<h3 class=\"wp-block-heading\">\u200bVale a pena?<\/h3>\n\n\n\n<ul class=\"wp-block-list\">\n<li>\u200b<strong>Para o corpo:<\/strong> \u00c9 uma excelente alternativa econ\u00f4mica, especialmente para quem pratica esportes ao ar livre ou vai \u00e0 praia.<\/li>\n\n\n\n<li>\u200b<strong>Para o rosto:<\/strong> Teste a adapta\u00e7\u00e3o. Se sua pele for seca, pode funcionar bem; se for oleosa, o barato pode sair caro em tratamentos dermatol\u00f3gicos posteriores.<\/li>\n<\/ul>\n","protected":false},"excerpt":{"rendered":"<p>Nas \u00faltimas semanas, um item inusitado saltou das prateleiras de lojas de materiais de constru\u00e7\u00e3o e lojas de Equipamentos de Prote\u00e7\u00e3o Individual (EPI) direto para [&#8230;]<\/p>\n","protected":false},"author":1,"featured_media":2946,"comment_status":"open","ping_status":"open","sticky":false,"template":"","format":"standard","meta":{"_crdt_document":"","_jetpack_memberships_contains_paid_content":false,"footnotes":"","jetpack_publicize_message":"","jetpack_publicize_feature_enabled":true,"jetpack_social_post_already_shared":true,"jetpack_social_options":{"image_generator_settings":{"template":"highway","default_image_id":0,"font":"","enabled":false},"version":2}},"categories":[17],"tags":[],"class_list":["post-2945","post","type-post","status-publish","format-standard","has-post-thumbnail","hentry","category-comercio"],"jetpack_publicize_connections":[],"jetpack_featured_media_url":"https:\/\/i0.wp.com\/oexpressobr.com.br\/wp-content\/uploads\/2026\/01\/IMG-20260131-WA0099.jpg?fit=1600%2C1067&ssl=1","jetpack_likes_enabled":true,"jetpack_sharing_enabled":true,"_links":{"self":[{"href":"https:\/\/oexpressobr.com.br\/index.php?rest_route=\/wp\/v2\/posts\/2945","targetHints":{"allow":["GET"]}}],"collection":[{"href":"https:\/\/oexpressobr.com.br\/index.php?rest_route=\/wp\/v2\/posts"}],"about":[{"href":"https:\/\/oexpressobr.com.br\/index.php?rest_route=\/wp\/v2\/types\/post"}],"author":[{"embeddable":true,"href":"https:\/\/oexpressobr.com.br\/index.php?rest_route=\/wp\/v2\/users\/1"}],"replies":[{"embeddable":true,"href":"https:\/\/oexpressobr.com.br\/index.php?rest_route=%2Fwp%2Fv2%2Fcomments&post=2945"}],"version-history":[{"count":1,"href":"https:\/\/oexpressobr.com.br\/index.php?rest_route=\/wp\/v2\/posts\/2945\/revisions"}],"predecessor-version":[{"id":2947,"href":"https:\/\/oexpressobr.com.br\/index.php?rest_route=\/wp\/v2\/posts\/2945\/revisions\/2947"}],"wp:featuredmedia":[{"embeddable":true,"href":"https:\/\/oexpressobr.com.br\/index.php?rest_route=\/wp\/v2\/media\/2946"}],"wp:attachment":[{"href":"https:\/\/oexpressobr.com.br\/index.php?rest_route=%2Fwp%2Fv2%2Fmedia&parent=2945"}],"wp:term":[{"taxonomy":"category","embeddable":true,"href":"https:\/\/oexpressobr.com.br\/index.php?rest_route=%2Fwp%2Fv2%2Fcategories&post=2945"},{"taxonomy":"post_tag","embeddable":true,"href":"https:\/\/oexpressobr.com.br\/index.php?rest_route=%2Fwp%2Fv2%2Ftags&post=2945"}],"curies":[{"name":"wp","href":"https:\/\/api.w.org\/{rel}","templated":true}]}}