{"id":2948,"date":"2026-01-31T10:56:11","date_gmt":"2026-01-31T13:56:11","guid":{"rendered":"https:\/\/oexpressobr.com.br\/?p=2948"},"modified":"2026-01-31T10:56:12","modified_gmt":"2026-01-31T13:56:12","slug":"dores-do-rio-preto-o-segredo-da-cidade-capixaba-que-esqueceu-o-que-e-o-crime-violento","status":"publish","type":"post","link":"https:\/\/oexpressobr.com.br\/?p=2948","title":{"rendered":"Dores do Rio Preto: o segredo da cidade capixaba que esqueceu o que \u00e9 o crime violento"},"content":{"rendered":"\n<p class=\"wp-block-paragraph\">Enquanto o debate sobre seguran\u00e7a p\u00fablica no Brasil costuma ser dominado por estat\u00edsticas alarmantes, o pequeno munic\u00edpio de <strong>Dores do Rio Preto<\/strong>, no interior do Esp\u00edrito Santo, caminha no sentido oposto. Localizada aos p\u00e9s do Parque Nacional do Capara\u00f3, a cidade acaba de consolidar uma marca hist\u00f3rica: s\u00e3o quase <strong>quatro anos sem registrar um \u00fanico homic\u00eddio<\/strong>.<\/p>\n\n\n\n<h3 class=\"wp-block-heading\">\u200bO Cotidiano da &#8220;Paz Real&#8221;<\/h3>\n\n\n\n<p class=\"wp-block-paragraph\">\u200bDiferente de grandes centros onde a seguran\u00e7a \u00e9 refor\u00e7ada por muros altos e c\u00e2meras, em Dores do Rio Preto o cen\u00e1rio \u00e9 de <strong>portas abertas<\/strong>. Com uma popula\u00e7\u00e3o estimada em pouco mais de 6 mil habitantes, o munic\u00edpio baseia sua tranquilidade em pilares que v\u00e3o al\u00e9m do policiamento ostensivo:<\/p>\n\n\n\n<ul class=\"wp-block-list\">\n<li>\u200b<strong>Proximidade Social:<\/strong> O baixo contingente populacional permite que a Pol\u00edcia Militar atue de forma comunit\u00e1ria. &#8220;Aqui, o policial conhece o cidad\u00e3o pelo nome&#8221;, relatam os moradores.<\/li>\n\n\n\n<li>\u200b<strong>Economia Est\u00e1vel:<\/strong> O agroneg\u00f3cio, focado na cafeicultura de qualidade, e o turismo ecol\u00f3gico mant\u00eam a circula\u00e7\u00e3o de renda e baixos \u00edndices de vulnerabilidade social.<\/li>\n\n\n\n<li>\u200b<strong>Cultura de Vigil\u00e2ncia Coletiva:<\/strong> A sensa\u00e7\u00e3o de pertencimento faz com que a pr\u00f3pria comunidade atue na preven\u00e7\u00e3o, reportando movimenta\u00e7\u00f5es estranhas antes que conflitos escalem.<\/li>\n<\/ul>\n\n\n\n<h3 class=\"wp-block-heading\">\u200bAtualiza\u00e7\u00f5es e Contexto Regional<\/h3>\n\n\n\n<p class=\"wp-block-paragraph\">\u200bDe acordo com os dados mais recentes da <strong>Secretaria de Estado da Seguran\u00e7a P\u00fablica (SESP-ES)<\/strong>, o Esp\u00edrito Santo como um todo vem apresentando redu\u00e7\u00f5es sucessivas nos \u00edndices de Crimes Violentos Letais Intencionais (CVLI). No entanto, o caso de Dores do Rio Preto \u00e9 tratado como um &#8220;ponto fora da curva&#8221; e um modelo de gest\u00e3o para cidades de pequeno porte.<\/p>\n\n\n\n<p class=\"wp-block-paragraph\">\u200bO programa estadual <strong>Estado Presente em Defesa da Vida<\/strong> tem investido em tecnologia e intelig\u00eancia, mas em Dores, o diferencial permanece sendo a <strong>preven\u00e7\u00e3o prim\u00e1ria<\/strong>. A aus\u00eancia de crimes letais impacta diretamente no turismo: a cidade tornou-se um ref\u00fagio para quem busca o Pico da Bandeira e deseja dormir sem o receio da viol\u00eancia urbana.<\/p>\n\n\n\n<h3 class=\"wp-block-heading\">\u200bOs Desafios do &#8220;O\u00e1sis&#8221;<\/h3>\n\n\n\n<p class=\"wp-block-paragraph\">\u200bApesar do otimismo, as autoridades locais e estaduais mant\u00eam o alerta. O objetivo agora \u00e9 combater crimes de menor potencial ofensivo, como furtos rurais e viol\u00eancia dom\u00e9stica, que muitas vezes permanecem subnotificados em cidades pequenas.<\/p>\n\n\n\n<blockquote class=\"wp-block-quote is-layout-flow wp-block-quote-is-layout-flow\">\n<p class=\"wp-block-paragraph\">\u200b&#8221;A paz em Dores do Rio Preto n\u00e3o \u00e9 aus\u00eancia de problemas, mas a presen\u00e7a de uma rede de apoio eficiente entre prefeitura, pol\u00edcia e cidad\u00e3os,&#8221; afirma a gest\u00e3o municipal.<\/p>\n<\/blockquote>\n","protected":false},"excerpt":{"rendered":"<p>Enquanto o debate sobre seguran\u00e7a p\u00fablica no Brasil costuma ser dominado por estat\u00edsticas alarmantes, o pequeno munic\u00edpio de Dores do Rio Preto, no interior do [&#8230;]<\/p>\n","protected":false},"author":1,"featured_media":2949,"comment_status":"open","ping_status":"open","sticky":false,"template":"","format":"standard","meta":{"_crdt_document":"","_jetpack_memberships_contains_paid_content":false,"footnotes":"","jetpack_publicize_message":"","jetpack_publicize_feature_enabled":true,"jetpack_social_post_already_shared":true,"jetpack_social_options":{"image_generator_settings":{"template":"highway","default_image_id":0,"font":"","enabled":false},"version":2}},"categories":[3],"tags":[],"class_list":["post-2948","post","type-post","status-publish","format-standard","has-post-thumbnail","hentry","category-brasil"],"jetpack_publicize_connections":[],"jetpack_featured_media_url":"https:\/\/i0.wp.com\/oexpressobr.com.br\/wp-content\/uploads\/2026\/01\/IMG-20260131-WA0109.jpg?fit=1000%2C562&ssl=1","jetpack_likes_enabled":true,"jetpack_sharing_enabled":true,"_links":{"self":[{"href":"https:\/\/oexpressobr.com.br\/index.php?rest_route=\/wp\/v2\/posts\/2948","targetHints":{"allow":["GET"]}}],"collection":[{"href":"https:\/\/oexpressobr.com.br\/index.php?rest_route=\/wp\/v2\/posts"}],"about":[{"href":"https:\/\/oexpressobr.com.br\/index.php?rest_route=\/wp\/v2\/types\/post"}],"author":[{"embeddable":true,"href":"https:\/\/oexpressobr.com.br\/index.php?rest_route=\/wp\/v2\/users\/1"}],"replies":[{"embeddable":true,"href":"https:\/\/oexpressobr.com.br\/index.php?rest_route=%2Fwp%2Fv2%2Fcomments&post=2948"}],"version-history":[{"count":1,"href":"https:\/\/oexpressobr.com.br\/index.php?rest_route=\/wp\/v2\/posts\/2948\/revisions"}],"predecessor-version":[{"id":2950,"href":"https:\/\/oexpressobr.com.br\/index.php?rest_route=\/wp\/v2\/posts\/2948\/revisions\/2950"}],"wp:featuredmedia":[{"embeddable":true,"href":"https:\/\/oexpressobr.com.br\/index.php?rest_route=\/wp\/v2\/media\/2949"}],"wp:attachment":[{"href":"https:\/\/oexpressobr.com.br\/index.php?rest_route=%2Fwp%2Fv2%2Fmedia&parent=2948"}],"wp:term":[{"taxonomy":"category","embeddable":true,"href":"https:\/\/oexpressobr.com.br\/index.php?rest_route=%2Fwp%2Fv2%2Fcategories&post=2948"},{"taxonomy":"post_tag","embeddable":true,"href":"https:\/\/oexpressobr.com.br\/index.php?rest_route=%2Fwp%2Fv2%2Ftags&post=2948"}],"curies":[{"name":"wp","href":"https:\/\/api.w.org\/{rel}","templated":true}]}}