{"id":296,"date":"2025-12-03T12:57:18","date_gmt":"2025-12-03T15:57:18","guid":{"rendered":"https:\/\/oexpressobr.com.br\/?p=296"},"modified":"2025-12-03T12:57:18","modified_gmt":"2025-12-03T15:57:18","slug":"gilmar-mendes-restringe-pedidos-de-impeachment-de-ministros-do-stf-a-pgr","status":"publish","type":"post","link":"https:\/\/oexpressobr.com.br\/?p=296","title":{"rendered":"Gilmar Mendes restringe pedidos de impeachment de ministros do STF \u00e0 PGR"},"content":{"rendered":"\n<p class=\"wp-block-paragraph\">\u200bO ministro <strong>Gilmar Mendes<\/strong>, decano do Supremo Tribunal Federal (STF), concedeu uma decis\u00e3o liminar nesta quarta-feira (3) que altera significativamente as regras para a abertura de processos de <strong>impeachment<\/strong> contra membros da Corte. Atendendo a pedidos feitos pelo partido <strong>Solidariedade<\/strong> e pela <strong>Associa\u00e7\u00e3o dos Magistrados Brasileiros (AMB)<\/strong>, o ministro determinou que apenas o <strong>Procurador-Geral da Rep\u00fablica (PGR)<\/strong> ter\u00e1 a prerrogativa de oferecer den\u00fancia por crime de responsabilidade contra os ministros do STF.<\/p>\n\n\n\n<h3 class=\"wp-block-heading\">\u200b\ud83c\udfdb\ufe0f Exig\u00eancia de PGR e Fim da Prerrogativa do Cidad\u00e3o<\/h3>\n\n\n\n<p class=\"wp-block-paragraph\">\u200bAt\u00e9 a decis\u00e3o, a Lei do Impeachment (Lei \\text{1.079\/1950}) previa que <strong>qualquer cidad\u00e3o<\/strong> poderia apresentar uma den\u00fancia de crime de responsabilidade contra ministros do Supremo no Senado Federal. Com a liminar de Gilmar Mendes, essa prerrogativa passa a ser <strong>restrita ao chefe do Minist\u00e9rio P\u00fablico da Uni\u00e3o<\/strong>.<\/p>\n\n\n\n<p class=\"wp-block-paragraph\">\u200bO ministro argumenta que o PGR, como <strong>fiscal da ordem jur\u00eddica<\/strong> (CF, art. 127, <em>caput<\/em>), possui a capacidade institucional para avaliar a exist\u00eancia de elementos concretos que justifiquem o in\u00edcio de um procedimento de impeachment, garantindo um &#8220;filtro processual&#8221; que <strong>assegura a autonomia do Poder Judici\u00e1rio<\/strong> e o protege de &#8220;press\u00f5es indevidas&#8221;.<\/p>\n\n\n\n<h3 class=\"wp-block-heading\">\u200b\ud83d\uddf3\ufe0f Mudan\u00e7a no Qu\u00f3rum de Vota\u00e7\u00e3o do Senado<\/h3>\n\n\n\n<p class=\"wp-block-paragraph\">\u200bOutra modifica\u00e7\u00e3o crucial imposta pela decis\u00e3o de Gilmar Mendes diz respeito ao qu\u00f3rum necess\u00e1rio para o processo de impeachment avan\u00e7ar no Senado. O ministro suspendeu o trecho da lei que previa <strong>maioria simples<\/strong> para a abertura da den\u00fancia e para a pron\u00fancia (julgamento) no processo.<\/p>\n\n\n\n<p class=\"wp-block-paragraph\">\u200bA partir de agora, a liminar exige <strong>maioria qualificada de dois ter\u00e7os (<\/strong><strong>\\text{2\/3}<\/strong><strong>) dos senadores<\/strong> tanto para o recebimento quanto para a pron\u00fancia no processo de impeachment. Segundo Mendes, essa exig\u00eancia \u00e9 mais adequada para proteger a <strong>independ\u00eancia e a imparcialidade do Judici\u00e1rio<\/strong>, alinhando-se ao desenho constitucional do processo.<\/p>\n\n\n\n<h3 class=\"wp-block-heading\">\u200b\u2696\ufe0f Independ\u00eancia Judicial e Pr\u00f3ximos Passos<\/h3>\n\n\n\n<p class=\"wp-block-paragraph\">\u200bEm sua decis\u00e3o, o ministro ressaltou que a Lei do Impeachment n\u00e3o foi totalmente recepcionada pela Constitui\u00e7\u00e3o de \\text{1988} e defendeu a tese de que responsabilizar ju\u00edzes com base no m\u00e9rito de suas decis\u00f5es judiciais representa a <strong>&#8220;corros\u00e3o de um dos pilares em que se funda o Estado Constitucional&#8221;<\/strong>. Ele afirmou que a <strong>imunidade de responsabiliza\u00e7\u00e3o<\/strong> \u00e9 consequ\u00eancia l\u00f3gica da independ\u00eancia funcional do juiz.<\/p>\n\n\n\n<p class=\"wp-block-paragraph\">\u200bA decis\u00e3o liminar de Gilmar Mendes, que j\u00e1 est\u00e1 em vigor, ser\u00e1 submetida ao crivo do <strong>Plen\u00e1rio do STF<\/strong> para referendo. O julgamento est\u00e1 previsto para ocorrer em <strong>Plen\u00e1rio Virtual entre os dias 12 e 19 de dezembro<\/strong>. Para que a medida provis\u00f3ria seja mantida, \u00e9 necess\u00e1rio o aval da maioria dos demais ministros da Corte.<\/p>\n","protected":false},"excerpt":{"rendered":"<p>\u200bO ministro Gilmar Mendes, decano do Supremo Tribunal Federal (STF), concedeu uma decis\u00e3o liminar nesta quarta-feira (3) que altera significativamente as regras para a abertura [&#8230;]<\/p>\n","protected":false},"author":1,"featured_media":297,"comment_status":"open","ping_status":"open","sticky":false,"template":"","format":"standard","meta":{"_crdt_document":"","_jetpack_memberships_contains_paid_content":false,"footnotes":"","jetpack_publicize_message":"","jetpack_publicize_feature_enabled":true,"jetpack_social_post_already_shared":false,"jetpack_social_options":{"image_generator_settings":{"template":"highway","default_image_id":0,"font":"","enabled":false},"version":2}},"categories":[8],"tags":[],"class_list":["post-296","post","type-post","status-publish","format-standard","has-post-thumbnail","hentry","category-judiciario"],"jetpack_publicize_connections":[],"jetpack_featured_media_url":"https:\/\/i0.wp.com\/oexpressobr.com.br\/wp-content\/uploads\/2025\/12\/54399319306_a7940fee62_o.jpg?fit=414%2C280&ssl=1","jetpack_likes_enabled":true,"jetpack_sharing_enabled":true,"_links":{"self":[{"href":"https:\/\/oexpressobr.com.br\/index.php?rest_route=\/wp\/v2\/posts\/296","targetHints":{"allow":["GET"]}}],"collection":[{"href":"https:\/\/oexpressobr.com.br\/index.php?rest_route=\/wp\/v2\/posts"}],"about":[{"href":"https:\/\/oexpressobr.com.br\/index.php?rest_route=\/wp\/v2\/types\/post"}],"author":[{"embeddable":true,"href":"https:\/\/oexpressobr.com.br\/index.php?rest_route=\/wp\/v2\/users\/1"}],"replies":[{"embeddable":true,"href":"https:\/\/oexpressobr.com.br\/index.php?rest_route=%2Fwp%2Fv2%2Fcomments&post=296"}],"version-history":[{"count":0,"href":"https:\/\/oexpressobr.com.br\/index.php?rest_route=\/wp\/v2\/posts\/296\/revisions"}],"wp:featuredmedia":[{"embeddable":true,"href":"https:\/\/oexpressobr.com.br\/index.php?rest_route=\/wp\/v2\/media\/297"}],"wp:attachment":[{"href":"https:\/\/oexpressobr.com.br\/index.php?rest_route=%2Fwp%2Fv2%2Fmedia&parent=296"}],"wp:term":[{"taxonomy":"category","embeddable":true,"href":"https:\/\/oexpressobr.com.br\/index.php?rest_route=%2Fwp%2Fv2%2Fcategories&post=296"},{"taxonomy":"post_tag","embeddable":true,"href":"https:\/\/oexpressobr.com.br\/index.php?rest_route=%2Fwp%2Fv2%2Ftags&post=296"}],"curies":[{"name":"wp","href":"https:\/\/api.w.org\/{rel}","templated":true}]}}