{"id":2961,"date":"2026-01-31T11:42:14","date_gmt":"2026-01-31T14:42:14","guid":{"rendered":"https:\/\/oexpressobr.com.br\/?p=2961"},"modified":"2026-01-31T11:46:46","modified_gmt":"2026-01-31T14:46:46","slug":"advogado-de-aliel-machado-desmente-acordo-com-ministerio-publico-e-nega-processos-contra-deputado","status":"publish","type":"post","link":"https:\/\/oexpressobr.com.br\/?p=2961","title":{"rendered":"Advogado de Aliel Machado desmente acordo com Minist\u00e9rio P\u00fablico e nega processos contra deputado"},"content":{"rendered":"\n<p class=\"wp-block-paragraph\">\u200bO cen\u00e1rio pol\u00edtico paranaense foi movimentado nas \u00faltimas horas por informa\u00e7\u00f5es conflitantes sobre a situa\u00e7\u00e3o jur\u00eddica de parlamentares de peso. Em resposta direta \u00e0s not\u00edcias veiculadas ontem sobre um suposto acordo que garantiria a elegibilidade dos deputados Sandro Alex, Aliel Machado e Moacyr Fadel para as elei\u00e7\u00f5es de 2026, a defesa de <strong>Aliel Machado (PV)<\/strong> negou categoricamente qualquer envolvimento em negocia\u00e7\u00f5es dessa natureza.<\/p>\n\n\n\n<p class=\"wp-block-paragraph\">\u200bEm contato exclusivo, o advogado <strong>Guilherme Gon\u00e7alves (OAB\/PR 21.989)<\/strong>, que representa o deputado federal, classificou a informa\u00e7\u00e3o como infundada e garantiu que a situa\u00e7\u00e3o processual de seu cliente \u00e9 inexistente no \u00e2mbito criminal ou de improbidade.<\/p>\n\n\n\n<h3 class=\"wp-block-heading\">\u200bA Manifesta\u00e7\u00e3o da Defesa<\/h3>\n\n\n\n<p class=\"wp-block-paragraph\">\u200bDe acordo com Gon\u00e7alves, n\u00e3o existe base jur\u00eddica para a not\u00edcia de um <strong>Acordo de N\u00e3o Persecu\u00e7\u00e3o C\u00edvel (ANPC)<\/strong> ou penal envolvendo Aliel Machado, uma vez que o parlamentar sequer figura como r\u00e9u em a\u00e7\u00f5es dessa linhagem.<\/p>\n\n\n\n<blockquote class=\"wp-block-quote is-layout-flow wp-block-quote-is-layout-flow\">\n<p class=\"wp-block-paragraph\">\u200b&#8221;A not\u00edcia sobre o acordo de n\u00e3o persecu\u00e7\u00e3o com o deputado Aliel Machado \u00e9 mentirosa. Eu sou advogado dele. O parlamentar n\u00e3o responde a qualquer processo de improbidade ou criminal contra ele. Simples assim&#8221;, afirmou o jurista.<\/p>\n<\/blockquote>\n\n\n\n<h3 class=\"wp-block-heading\">\u200bO Contexto das Negocia\u00e7\u00f5es em Ponta Grossa<\/h3>\n\n\n\n<p class=\"wp-block-paragraph\">\u200bA confus\u00e3o parece ter surgido a partir de desdobramentos de investiga\u00e7\u00f5es que envolvem outros nomes da pol\u00edtica local. Recentemente, o Minist\u00e9rio P\u00fablico tem buscado encerrar lides jur\u00eddicas atrav\u00e9s de acordos que preveem o pagamento de multas em troca da manuten\u00e7\u00e3o dos direitos pol\u00edticos, ferramenta comum ap\u00f3s a reforma da <strong>Lei de Improbidade Administrativa<\/strong>.<\/p>\n\n\n\n<p class=\"wp-block-paragraph\">\u200bNo entanto, a equipe de Aliel Machado refor\u00e7a que o deputado mant\u00e9m sua ficha limpa e que sua elegibilidade para o pr\u00f3ximo pleito nunca esteve sob risco judicial, diferenciando sua situa\u00e7\u00e3o da de outros nomes citados na reportagem anterior.<\/p>\n\n\n\n<h3 class=\"wp-block-heading\">\u200bO que dizem os outros envolvidos<\/h3>\n\n\n\n<p class=\"wp-block-paragraph\">\u200bAt\u00e9 o momento, as assessorias de <strong>Sandro Alex<\/strong> e <strong>Moacyr Fadel<\/strong> n\u00e3o emitiram notas de desmentido similares \u00e0 de Aliel Machado. No meio pol\u00edtico, a expectativa \u00e9 que a oficializa\u00e7\u00e3o de qualquer acordo junto ao Poder Judici\u00e1rio venha a p\u00fablico nos pr\u00f3ximos dias, o que deve esclarecer quem, de fato, comp\u00f4s com o Minist\u00e9rio P\u00fablico para pacificar pend\u00eancias jur\u00eddicas.<\/p>\n","protected":false},"excerpt":{"rendered":"<p>\u200bO cen\u00e1rio pol\u00edtico paranaense foi movimentado nas \u00faltimas horas por informa\u00e7\u00f5es conflitantes sobre a situa\u00e7\u00e3o jur\u00eddica de parlamentares de peso. Em resposta direta \u00e0s not\u00edcias [&#8230;]<\/p>\n","protected":false},"author":1,"featured_media":2963,"comment_status":"open","ping_status":"open","sticky":false,"template":"","format":"standard","meta":{"_crdt_document":"","_jetpack_memberships_contains_paid_content":false,"footnotes":"","jetpack_publicize_message":"","jetpack_publicize_feature_enabled":true,"jetpack_social_post_already_shared":true,"jetpack_social_options":{"image_generator_settings":{"template":"highway","default_image_id":0,"font":"","enabled":false},"version":2}},"categories":[5],"tags":[],"class_list":["post-2961","post","type-post","status-publish","format-standard","has-post-thumbnail","hentry","category-parana"],"jetpack_publicize_connections":[],"jetpack_featured_media_url":"https:\/\/i0.wp.com\/oexpressobr.com.br\/wp-content\/uploads\/2026\/01\/101117164308_alielmachadogilmarfelixparaosite_jpg.jpg?fit=970%2C635&ssl=1","jetpack_likes_enabled":true,"jetpack_sharing_enabled":true,"_links":{"self":[{"href":"https:\/\/oexpressobr.com.br\/index.php?rest_route=\/wp\/v2\/posts\/2961","targetHints":{"allow":["GET"]}}],"collection":[{"href":"https:\/\/oexpressobr.com.br\/index.php?rest_route=\/wp\/v2\/posts"}],"about":[{"href":"https:\/\/oexpressobr.com.br\/index.php?rest_route=\/wp\/v2\/types\/post"}],"author":[{"embeddable":true,"href":"https:\/\/oexpressobr.com.br\/index.php?rest_route=\/wp\/v2\/users\/1"}],"replies":[{"embeddable":true,"href":"https:\/\/oexpressobr.com.br\/index.php?rest_route=%2Fwp%2Fv2%2Fcomments&post=2961"}],"version-history":[{"count":1,"href":"https:\/\/oexpressobr.com.br\/index.php?rest_route=\/wp\/v2\/posts\/2961\/revisions"}],"predecessor-version":[{"id":2962,"href":"https:\/\/oexpressobr.com.br\/index.php?rest_route=\/wp\/v2\/posts\/2961\/revisions\/2962"}],"wp:featuredmedia":[{"embeddable":true,"href":"https:\/\/oexpressobr.com.br\/index.php?rest_route=\/wp\/v2\/media\/2963"}],"wp:attachment":[{"href":"https:\/\/oexpressobr.com.br\/index.php?rest_route=%2Fwp%2Fv2%2Fmedia&parent=2961"}],"wp:term":[{"taxonomy":"category","embeddable":true,"href":"https:\/\/oexpressobr.com.br\/index.php?rest_route=%2Fwp%2Fv2%2Fcategories&post=2961"},{"taxonomy":"post_tag","embeddable":true,"href":"https:\/\/oexpressobr.com.br\/index.php?rest_route=%2Fwp%2Fv2%2Ftags&post=2961"}],"curies":[{"name":"wp","href":"https:\/\/api.w.org\/{rel}","templated":true}]}}