{"id":2986,"date":"2026-02-01T12:37:34","date_gmt":"2026-02-01T15:37:34","guid":{"rendered":"https:\/\/oexpressobr.com.br\/?p=2986"},"modified":"2026-02-01T12:37:35","modified_gmt":"2026-02-01T15:37:35","slug":"trump-assina-ordem-que-ameaca-fornecedores-de-petroleo-de-cuba-com-tarifas","status":"publish","type":"post","link":"https:\/\/oexpressobr.com.br\/?p=2986","title":{"rendered":"Trump assina ordem que amea\u00e7a fornecedores de petr\u00f3leo de Cuba com tarifas"},"content":{"rendered":"\n<p class=\"wp-block-paragraph\">Em um movimento que eleva a tens\u00e3o no Caribe ao n\u00edvel mais cr\u00edtico das \u00faltimas d\u00e9cadas, o presidente dos EUA, <strong>Donald Trump<\/strong>, assinou na \u00faltima quinta-feira (29\/01\/2026) uma ordem executiva que estabelece um sistema de tarifas punitivas contra qualquer pa\u00eds que forne\u00e7a petr\u00f3leo \u00e0 ilha de Cuba. A medida, fundamentada na declara\u00e7\u00e3o de &#8220;emerg\u00eancia nacional&#8221;, visa asfixiar o que resta da economia cubana ao cortar seu acesso vital a combust\u00edveis.<\/p>\n\n\n\n<h3 class=\"wp-block-heading\">\u200bO cerco econ\u00f4mico se fecha<\/h3>\n\n\n\n<p class=\"wp-block-paragraph\">\u200bA nova diretriz autoriza os Departamentos de Estado e de Com\u00e9rcio dos EUA a imporem tarifas <em>ad valorem<\/em> adicionais sobre produtos importados de na\u00e7\u00f5es que mant\u00eam o com\u00e9rcio de petr\u00f3leo com Havana. O governo Trump justifica a a\u00e7\u00e3o alegando que o regime cubano representa uma &#8220;amea\u00e7a extraordin\u00e1ria&#8221; \u00e0 seguran\u00e7a nacional dos EUA, citando supostos la\u00e7os com grupos como o Hezbollah e o Hamas, al\u00e9m da coopera\u00e7\u00e3o militar com R\u00fassia e China.<\/p>\n\n\n\n<h3 class=\"wp-block-heading\">\u200bCuba no limite: apag\u00f5es e reservas escassas<\/h3>\n\n\n\n<p class=\"wp-block-paragraph\">\u200bA situa\u00e7\u00e3o na ilha \u00e9 descrita por especialistas como &#8220;prec\u00edpita&#8221;. Com a recente captura do aliado <strong>Nicol\u00e1s Maduro<\/strong> na Venezuela por for\u00e7as ligadas aos interesses americanos no in\u00edcio de janeiro, Cuba perdeu seu principal fornecedor hist\u00f3rico. Relat\u00f3rios recentes indicam:<\/p>\n\n\n\n<ul class=\"wp-block-list\">\n<li>\u200b<strong>Reservas Cr\u00edticas:<\/strong> Estimativas da consultoria Kpler e do <em>Financial Times<\/em> sugerem que Cuba possui estoques de petr\u00f3leo para apenas <strong>15 a 20 dias<\/strong>.<\/li>\n\n\n\n<li>\u200b<strong>Apag\u00f5es Massivos:<\/strong> Cortes de energia j\u00e1 duram mais de <strong>12 horas di\u00e1rias<\/strong> em diversas prov\u00edncias, afetando desde a conserva\u00e7\u00e3o de alimentos at\u00e9 o funcionamento de hospitais.<\/li>\n\n\n\n<li>\u200b<strong>Recuo de Fornecedores:<\/strong> A presidente do M\u00e9xico, <strong>Claudia Sheinbaum<\/strong>, confirmou a suspens\u00e3o tempor\u00e1ria de envios de petr\u00f3leo para avaliar o impacto das novas tarifas americanas, embora defenda a soberania comercial mexicana.<\/li>\n<\/ul>\n\n\n\n<h3 class=\"wp-block-heading\">\u200bRea\u00e7\u00f5es internacionais<\/h3>\n\n\n\n<p class=\"wp-block-paragraph\">\u200bO presidente cubano, <strong>Miguel D\u00edaz-Canel<\/strong>, classificou a medida no X (antigo Twitter) como &#8220;fascista, criminosa e genocida&#8221;, acusando Washington de pirataria internacional. Enquanto isso, o setor de turismo em Cuba \u2014 motor da economia local \u2014 registrou uma queda de quase 70% em rela\u00e7\u00e3o aos n\u00edveis pr\u00e9-pandemia, agravando a falta de d\u00f3lares para a compra de insumos b\u00e1sicos.<\/p>\n\n\n\n<p class=\"wp-block-paragraph\">\u200bDentro dos EUA, a medida \u00e9 vista como a pe\u00e7a final da estrat\u00e9gia de &#8220;press\u00e3o m\u00e1xima&#8221; de Trump, que j\u00e1 declarou publicamente acreditar que o governo cubano &#8220;n\u00e3o ser\u00e1 capaz de sobreviver&#8221; por muito mais tempo sob este bloqueio energ\u00e9tico.<\/p>\n","protected":false},"excerpt":{"rendered":"<p>Em um movimento que eleva a tens\u00e3o no Caribe ao n\u00edvel mais cr\u00edtico das \u00faltimas d\u00e9cadas, o presidente dos EUA, Donald Trump, assinou na \u00faltima [&#8230;]<\/p>\n","protected":false},"author":1,"featured_media":2987,"comment_status":"open","ping_status":"open","sticky":false,"template":"","format":"standard","meta":{"_crdt_document":"","_jetpack_memberships_contains_paid_content":false,"footnotes":"","jetpack_publicize_message":"","jetpack_publicize_feature_enabled":true,"jetpack_social_post_already_shared":true,"jetpack_social_options":{"image_generator_settings":{"template":"highway","default_image_id":0,"font":"","enabled":false},"version":2}},"categories":[15],"tags":[],"class_list":["post-2986","post","type-post","status-publish","format-standard","has-post-thumbnail","hentry","category-internacional"],"jetpack_publicize_connections":[],"jetpack_featured_media_url":"https:\/\/i0.wp.com\/oexpressobr.com.br\/wp-content\/uploads\/2026\/02\/96240da0-fdf7-11f0-a402-95e95a98d0ec.jpg.webp?fit=800%2C450&ssl=1","jetpack_likes_enabled":true,"jetpack_sharing_enabled":true,"_links":{"self":[{"href":"https:\/\/oexpressobr.com.br\/index.php?rest_route=\/wp\/v2\/posts\/2986","targetHints":{"allow":["GET"]}}],"collection":[{"href":"https:\/\/oexpressobr.com.br\/index.php?rest_route=\/wp\/v2\/posts"}],"about":[{"href":"https:\/\/oexpressobr.com.br\/index.php?rest_route=\/wp\/v2\/types\/post"}],"author":[{"embeddable":true,"href":"https:\/\/oexpressobr.com.br\/index.php?rest_route=\/wp\/v2\/users\/1"}],"replies":[{"embeddable":true,"href":"https:\/\/oexpressobr.com.br\/index.php?rest_route=%2Fwp%2Fv2%2Fcomments&post=2986"}],"version-history":[{"count":1,"href":"https:\/\/oexpressobr.com.br\/index.php?rest_route=\/wp\/v2\/posts\/2986\/revisions"}],"predecessor-version":[{"id":2988,"href":"https:\/\/oexpressobr.com.br\/index.php?rest_route=\/wp\/v2\/posts\/2986\/revisions\/2988"}],"wp:featuredmedia":[{"embeddable":true,"href":"https:\/\/oexpressobr.com.br\/index.php?rest_route=\/wp\/v2\/media\/2987"}],"wp:attachment":[{"href":"https:\/\/oexpressobr.com.br\/index.php?rest_route=%2Fwp%2Fv2%2Fmedia&parent=2986"}],"wp:term":[{"taxonomy":"category","embeddable":true,"href":"https:\/\/oexpressobr.com.br\/index.php?rest_route=%2Fwp%2Fv2%2Fcategories&post=2986"},{"taxonomy":"post_tag","embeddable":true,"href":"https:\/\/oexpressobr.com.br\/index.php?rest_route=%2Fwp%2Fv2%2Ftags&post=2986"}],"curies":[{"name":"wp","href":"https:\/\/api.w.org\/{rel}","templated":true}]}}