{"id":2989,"date":"2026-02-01T12:44:43","date_gmt":"2026-02-01T15:44:43","guid":{"rendered":"https:\/\/oexpressobr.com.br\/?p=2989"},"modified":"2026-02-01T12:44:44","modified_gmt":"2026-02-01T15:44:44","slug":"haddad-indica-guilherme-mello-a-lula-para-vaga-na-diretoria-do-banco-central","status":"publish","type":"post","link":"https:\/\/oexpressobr.com.br\/?p=2989","title":{"rendered":"Haddad indica Guilherme Mello a Lula para vaga na diretoria do Banco Central"},"content":{"rendered":"\n<p class=\"wp-block-paragraph\">\u200b<strong>O secret\u00e1rio de Pol\u00edtica Econ\u00f4mica pode assumir diretoria t\u00e9cnica ap\u00f3s reuni\u00e3o de tr\u00eas horas no Planalto<\/strong><\/p>\n\n\n\n<p class=\"wp-block-paragraph\">\u200bO ministro da Fazenda, Fernando Haddad, apresentou formalmente ao presidente Luiz In\u00e1cio Lula da Silva, neste s\u00e1bado (31 de janeiro de 2026), a indica\u00e7\u00e3o de Guilherme Mello para assumir uma das cadeiras vagas na diretoria do Banco Central. A movimenta\u00e7\u00e3o ocorre ap\u00f3s uma reuni\u00e3o de aproximadamente tr\u00eas horas no Pal\u00e1cio do Planalto e consolida Mello como o nome de confian\u00e7a da equipe econ\u00f4mica para refor\u00e7ar a interlocu\u00e7\u00e3o entre o Minist\u00e9rio da Fazenda e a autoridade monet\u00e1ria.<\/p>\n\n\n\n<p class=\"wp-block-paragraph\">\u200bAtualmente, o Banco Central opera com duas diretorias sem titulares definitivos: a de Pol\u00edtica Econ\u00f4mica e a de Organiza\u00e7\u00e3o do Sistema Financeiro e Resolu\u00e7\u00e3o. Os mandatos dos antigos ocupantes encerraram-se em dezembro de 2025, e os postos v\u00eam sendo exercidos de forma interina. A escolha de Guilherme Mello, que chefia a Secretaria de Pol\u00edtica Econ\u00f4mica (SPE) desde o in\u00edcio do atual mandato de Lula em 2023, repete a estrat\u00e9gia utilizada com Gabriel Gal\u00edpolo, que tamb\u00e9m migrou da Fazenda para o BC antes de assumir a presid\u00eancia da autarquia.<\/p>\n\n\n\n<h3 class=\"wp-block-heading\">\u200bPerfil t\u00e9cnico e alinhamento pol\u00edtico<\/h3>\n\n\n\n<p class=\"wp-block-paragraph\">\u200bEconomista e professor da Unicamp, Guilherme Mello \u00e9 visto como um dos principais formuladores das pol\u00edticas p\u00fablicas do governo. Com vasta trajet\u00f3ria acad\u00eamica voltada ao desenvolvimento nacional e macroeconomia, ele foi pe\u00e7a-chave na elabora\u00e7\u00e3o do programa econ\u00f4mico de Lula durante a campanha de 2022.<\/p>\n\n\n\n<p class=\"wp-block-paragraph\">\u200bDentro da Fazenda, Mello \u00e9 reconhecido por desenhar as proje\u00e7\u00f5es de infla\u00e7\u00e3o e crescimento que sustentam o arcabou\u00e7o fiscal. Sua poss\u00edvel ida ao BC \u00e9 interpretada pelo mercado como um esfor\u00e7o do governo para ter uma voz mais alinhada \u00e0 pol\u00edtica desenvolvimentista dentro do Comit\u00ea de Pol\u00edtica Monet\u00e1ria (Copom), especialmente em um cen\u00e1rio onde a taxa Selic permanece em patamares elevados (atualmente em 15%).<\/p>\n\n\n\n<h3 class=\"wp-block-heading\">\u200bPr\u00f3ximos passos<\/h3>\n\n\n\n<p class=\"wp-block-paragraph\">\u200bCaso o presidente Lula aceite oficialmente a sugest\u00e3o \u2014 o que \u00e9 dado como certo por interlocutores do governo \u2014, a indica\u00e7\u00e3o de Guilherme Mello seguir\u00e1 para o Senado Federal. L\u00e1, ele dever\u00e1 ser submetido a uma sabatina t\u00e9cnica na Comiss\u00e3o de Assuntos Econ\u00f4micos (CAE).<\/p>\n\n\n\n<p class=\"wp-block-paragraph\">\u200bSomente ap\u00f3s a aprova\u00e7\u00e3o pela comiss\u00e3o e pelo plen\u00e1rio do Senado \u00e9 que Mello poder\u00e1 ser nomeado. Se confirmado, ele passar\u00e1 a ter direito a voto nas reuni\u00f5es do Copom, que define o rumo dos juros no Brasil, ajudando a completar o colegiado que agora conta majoritariamente com indicados pela atual gest\u00e3o.<\/p>\n","protected":false},"excerpt":{"rendered":"<p>\u200bO secret\u00e1rio de Pol\u00edtica Econ\u00f4mica pode assumir diretoria t\u00e9cnica ap\u00f3s reuni\u00e3o de tr\u00eas horas no Planalto \u200bO ministro da Fazenda, Fernando Haddad, apresentou formalmente ao [&#8230;]<\/p>\n","protected":false},"author":1,"featured_media":2990,"comment_status":"open","ping_status":"open","sticky":false,"template":"","format":"standard","meta":{"_crdt_document":"","_jetpack_memberships_contains_paid_content":false,"footnotes":"","jetpack_publicize_message":"","jetpack_publicize_feature_enabled":true,"jetpack_social_post_already_shared":true,"jetpack_social_options":{"image_generator_settings":{"template":"highway","default_image_id":0,"font":"","enabled":false},"version":2}},"categories":[3],"tags":[],"class_list":["post-2989","post","type-post","status-publish","format-standard","has-post-thumbnail","hentry","category-brasil"],"jetpack_publicize_connections":[],"jetpack_featured_media_url":"https:\/\/i0.wp.com\/oexpressobr.com.br\/wp-content\/uploads\/2026\/02\/IMG-20260201-WA0256.jpg?fit=750%2C500&ssl=1","jetpack_likes_enabled":true,"jetpack_sharing_enabled":true,"_links":{"self":[{"href":"https:\/\/oexpressobr.com.br\/index.php?rest_route=\/wp\/v2\/posts\/2989","targetHints":{"allow":["GET"]}}],"collection":[{"href":"https:\/\/oexpressobr.com.br\/index.php?rest_route=\/wp\/v2\/posts"}],"about":[{"href":"https:\/\/oexpressobr.com.br\/index.php?rest_route=\/wp\/v2\/types\/post"}],"author":[{"embeddable":true,"href":"https:\/\/oexpressobr.com.br\/index.php?rest_route=\/wp\/v2\/users\/1"}],"replies":[{"embeddable":true,"href":"https:\/\/oexpressobr.com.br\/index.php?rest_route=%2Fwp%2Fv2%2Fcomments&post=2989"}],"version-history":[{"count":1,"href":"https:\/\/oexpressobr.com.br\/index.php?rest_route=\/wp\/v2\/posts\/2989\/revisions"}],"predecessor-version":[{"id":2991,"href":"https:\/\/oexpressobr.com.br\/index.php?rest_route=\/wp\/v2\/posts\/2989\/revisions\/2991"}],"wp:featuredmedia":[{"embeddable":true,"href":"https:\/\/oexpressobr.com.br\/index.php?rest_route=\/wp\/v2\/media\/2990"}],"wp:attachment":[{"href":"https:\/\/oexpressobr.com.br\/index.php?rest_route=%2Fwp%2Fv2%2Fmedia&parent=2989"}],"wp:term":[{"taxonomy":"category","embeddable":true,"href":"https:\/\/oexpressobr.com.br\/index.php?rest_route=%2Fwp%2Fv2%2Fcategories&post=2989"},{"taxonomy":"post_tag","embeddable":true,"href":"https:\/\/oexpressobr.com.br\/index.php?rest_route=%2Fwp%2Fv2%2Ftags&post=2989"}],"curies":[{"name":"wp","href":"https:\/\/api.w.org\/{rel}","templated":true}]}}