{"id":299,"date":"2025-12-03T13:03:07","date_gmt":"2025-12-03T16:03:07","guid":{"rendered":"https:\/\/oexpressobr.com.br\/?p=299"},"modified":"2025-12-03T13:03:07","modified_gmt":"2025-12-03T16:03:07","slug":"pf-cumpre-mandado-na-13a-vara-federal-de-curitiba-para-buscar-documentos-ligados-a-sergio-moro","status":"publish","type":"post","link":"https:\/\/oexpressobr.com.br\/?p=299","title":{"rendered":"PF cumpre mandado na 13\u00aa Vara Federal de Curitiba para buscar documentos ligados a Sergio Moro"},"content":{"rendered":"\n<p class=\"wp-block-paragraph\">A <strong>Pol\u00edcia Federal (PF)<\/strong> cumpriu na manh\u00e3 desta quarta-feira (3) um mandado de busca e apreens\u00e3o na <strong>13\u00aa Vara Federal de Curitiba<\/strong>, no Paran\u00e1. A unidade, que ganhou notoriedade por ter concentrado os processos da extinta <strong>Opera\u00e7\u00e3o Lava Jato<\/strong> sob o comando do ent\u00e3o juiz e atual senador <strong>Sergio Moro<\/strong> (Uni\u00e3o-PR), \u00e9 alvo de uma dilig\u00eancia autorizada pelo ministro <strong>Dias Toffoli<\/strong>, do <strong>Supremo Tribunal Federal (STF)<\/strong>.<\/p>\n\n\n\n<p class=\"wp-block-paragraph\">\u200bA opera\u00e7\u00e3o visa recolher <strong>documentos e registros<\/strong> relacionados a investiga\u00e7\u00f5es anteriores \u00e0 Lava Jato, que tramitaram na Vara. De acordo com informa\u00e7\u00f5es das \u00faltimas horas, a a\u00e7\u00e3o n\u00e3o tem pessoas espec\u00edficas como alvo, mas busca assegurar o acesso da Suprema Corte a materiais que teriam sido insistentemente solicitados e ainda n\u00e3o encaminhados pela 13\u00aa Vara Federal.<\/p>\n\n\n\n<h3 class=\"wp-block-heading\">\u200bO Contexto da Opera\u00e7\u00e3o e o Caso Tony Garcia<\/h3>\n\n\n\n<p class=\"wp-block-paragraph\">\u200bA determina\u00e7\u00e3o de Dias Toffoli, relator de um inqu\u00e9rito sigiloso no STF, est\u00e1 diretamente ligada \u00e0s <strong>acusa\u00e7\u00f5es<\/strong> formuladas pelo empres\u00e1rio e ex-deputado estadual paranaense <strong>Ant\u00f4nio Celso Garcia<\/strong>, conhecido como <strong>Tony Garcia<\/strong>.<\/p>\n\n\n\n<ul class=\"wp-block-list\">\n<li>\u200b<strong>Acusa\u00e7\u00f5es Chave:<\/strong> Tony Garcia afirma ter sido coagido por Sergio Moro, em dezembro de 2004, a realizar <strong>grava\u00e7\u00f5es ilegais<\/strong> de terceiros, incluindo autoridades com prerrogativa de foro (como governadores e ministros de Tribunais Superiores), sem autoriza\u00e7\u00e3o judicial.<\/li>\n\n\n\n<li>\u200b<strong>Investiga\u00e7\u00e3o Anterior:<\/strong> A suposta coa\u00e7\u00e3o teria ocorrido no contexto de um acordo de colabora\u00e7\u00e3o premiada firmado por Garcia no <strong>caso Banestado<\/strong>, que investigava evas\u00e3o de divisas e lavagem de dinheiro, sendo um processo anterior \u00e0 deflagra\u00e7\u00e3o da Lava Jato.<\/li>\n\n\n\n<li>\u200b<strong>Objetivo da Busca:<\/strong> O ministro Toffoli autorizou a dilig\u00eancia da PF para ter acesso a <strong>documentos, m\u00eddias e objetos<\/strong> que estariam sob guarda da 13\u00aa Vara e que podem ser relevantes para a investiga\u00e7\u00e3o das declara\u00e7\u00f5es de Tony Garcia.<\/li>\n<\/ul>\n\n\n\n<p class=\"wp-block-paragraph\">\u200bEsta \u00e9 a segunda vez que o ministro Dias Toffoli autoriza buscas na 13\u00aa Vara Federal de Curitiba, a primeira tendo ocorrido em outubro.<\/p>\n\n\n\n<h3 class=\"wp-block-heading\">\u200bPosi\u00e7\u00e3o dos Envolvidos<\/h3>\n\n\n\n<p class=\"wp-block-paragraph\">\u200bO inqu\u00e9rito sobre as acusa\u00e7\u00f5es de Tony Garcia foi mantido no STF por decis\u00e3o de Toffoli, que rejeitou o pedido de Sergio Moro para que o caso fosse remetido \u00e0 primeira inst\u00e2ncia, j\u00e1 que os fatos investigados s\u00e3o anteriores ao seu mandato como senador.<\/p>\n\n\n\n<ul class=\"wp-block-list\">\n<li>\u200b<strong>Sergio Moro:<\/strong> O senador nega veementemente as acusa\u00e7\u00f5es. Em manifesta\u00e7\u00f5es anteriores, Moro chamou as alega\u00e7\u00f5es de Garcia de &#8220;fantasiosas&#8221; e questionou a credibilidade do ex-deputado. Moro publicou que n\u00e3o tem qualquer preocupa\u00e7\u00e3o com o amplo acesso do STF aos processos em que atuou como juiz.<\/li>\n\n\n\n<li>\u200b<strong>Justi\u00e7a Federal do Paran\u00e1:<\/strong> A Justi\u00e7a Federal informou que n\u00e3o se manifestar\u00e1 sobre o caso.<\/li>\n<\/ul>\n\n\n\n<p class=\"wp-block-paragraph\">\u200bAs dilig\u00eancias da PF desta quarta-feira buscam, em \u00faltima an\u00e1lise, a integralidade dos documentos para que o Supremo Tribunal Federal possa prosseguir com a apura\u00e7\u00e3o das supostas irregularidades na condu\u00e7\u00e3o de casos criminais no Paran\u00e1 que precederam o in\u00edcio da Lava Jato.<\/p>\n","protected":false},"excerpt":{"rendered":"<p>A Pol\u00edcia Federal (PF) cumpriu na manh\u00e3 desta quarta-feira (3) um mandado de busca e apreens\u00e3o na 13\u00aa Vara Federal de Curitiba, no Paran\u00e1. A [&#8230;]<\/p>\n","protected":false},"author":1,"featured_media":300,"comment_status":"open","ping_status":"open","sticky":false,"template":"","format":"standard","meta":{"_crdt_document":"","_jetpack_memberships_contains_paid_content":false,"footnotes":"","jetpack_publicize_message":"","jetpack_publicize_feature_enabled":true,"jetpack_social_post_already_shared":false,"jetpack_social_options":{"image_generator_settings":{"template":"highway","default_image_id":0,"font":"","enabled":false},"version":2}},"categories":[8],"tags":[],"class_list":["post-299","post","type-post","status-publish","format-standard","has-post-thumbnail","hentry","category-judiciario"],"jetpack_publicize_connections":[],"jetpack_featured_media_url":"https:\/\/i0.wp.com\/oexpressobr.com.br\/wp-content\/uploads\/2025\/12\/sergio-moro-senado.jpg?fit=414%2C280&ssl=1","jetpack_likes_enabled":true,"jetpack_sharing_enabled":true,"_links":{"self":[{"href":"https:\/\/oexpressobr.com.br\/index.php?rest_route=\/wp\/v2\/posts\/299","targetHints":{"allow":["GET"]}}],"collection":[{"href":"https:\/\/oexpressobr.com.br\/index.php?rest_route=\/wp\/v2\/posts"}],"about":[{"href":"https:\/\/oexpressobr.com.br\/index.php?rest_route=\/wp\/v2\/types\/post"}],"author":[{"embeddable":true,"href":"https:\/\/oexpressobr.com.br\/index.php?rest_route=\/wp\/v2\/users\/1"}],"replies":[{"embeddable":true,"href":"https:\/\/oexpressobr.com.br\/index.php?rest_route=%2Fwp%2Fv2%2Fcomments&post=299"}],"version-history":[{"count":0,"href":"https:\/\/oexpressobr.com.br\/index.php?rest_route=\/wp\/v2\/posts\/299\/revisions"}],"wp:featuredmedia":[{"embeddable":true,"href":"https:\/\/oexpressobr.com.br\/index.php?rest_route=\/wp\/v2\/media\/300"}],"wp:attachment":[{"href":"https:\/\/oexpressobr.com.br\/index.php?rest_route=%2Fwp%2Fv2%2Fmedia&parent=299"}],"wp:term":[{"taxonomy":"category","embeddable":true,"href":"https:\/\/oexpressobr.com.br\/index.php?rest_route=%2Fwp%2Fv2%2Fcategories&post=299"},{"taxonomy":"post_tag","embeddable":true,"href":"https:\/\/oexpressobr.com.br\/index.php?rest_route=%2Fwp%2Fv2%2Ftags&post=299"}],"curies":[{"name":"wp","href":"https:\/\/api.w.org\/{rel}","templated":true}]}}