{"id":2995,"date":"2026-02-01T13:35:43","date_gmt":"2026-02-01T16:35:43","guid":{"rendered":"https:\/\/oexpressobr.com.br\/?p=2995"},"modified":"2026-02-01T13:35:44","modified_gmt":"2026-02-01T16:35:44","slug":"policial-militar-de-cianorte-mata-ex-companheira-e-homem-em-terra-boa-com-arma-do-estado","status":"publish","type":"post","link":"https:\/\/oexpressobr.com.br\/?p=2995","title":{"rendered":"Policial militar de Cianorte mata ex-companheira e homem em Terra Boa com arma do Estado"},"content":{"rendered":"\n<p class=\"wp-block-paragraph\">A madrugada deste s\u00e1bado, 31 de janeiro de 2026, foi marcada por um crime brutal que reacende o debate sobre a seguran\u00e7a p\u00fablica e a sa\u00fade mental das for\u00e7as policiais no Paran\u00e1. Um policial militar, lotado na cidade de <strong>Cianorte<\/strong>, utilizou sua arma institucional para assassinar a ex-companheira e um homem que estava com ela em uma resid\u00eancia no munic\u00edpio de Terra Boa, no Noroeste do estado.<\/p>\n\n\n\n<p class=\"wp-block-paragraph\">\u200bDe acordo com informa\u00e7\u00f5es confirmadas pela <strong>Secretaria de Seguran\u00e7a P\u00fablica do Paran\u00e1 (SESP-PR)<\/strong>, o agente estava de folga no momento do crime. Ap\u00f3s efetuar os disparos que vitimaram as duas pessoas, o policial dirigiu-se ao pelot\u00e3o da Pol\u00edcia Militar de Terra Boa, onde se entregou espontaneamente e devolveu o armamento oficial utilizado no duplo homic\u00eddio.<\/p>\n\n\n\n<h3 class=\"wp-block-heading\">\u200bDetalhes do Caso e Provid\u00eancias Judiciais<\/h3>\n\n\n\n<p class=\"wp-block-paragraph\">\u200bO autor foi encaminhado \u00e0 <strong>21\u00aa Subdivis\u00e3o Policial de Cianorte<\/strong>. Segundo a SESP, ele dever\u00e1 responder pelos crimes de <strong>feminic\u00eddio<\/strong> e <strong>homic\u00eddio<\/strong>. A identidade das v\u00edtimas ainda n\u00e3o foi formalmente divulgada em detalhes pela per\u00edcia, mas o caso j\u00e1 \u00e9 tratado pelas autoridades como uma trag\u00e9dia anunciada dentro do contexto de viol\u00eancia dom\u00e9stica.<\/p>\n\n\n\n<p class=\"wp-block-paragraph\">\u200bEm nota, a Pol\u00edcia Militar informou que:<\/p>\n\n\n\n<ul class=\"wp-block-list\">\n<li>\u200bO agente foi afastado de suas fun\u00e7\u00f5es.<\/li>\n\n\n\n<li>\u200bMedidas administrativas e disciplinares j\u00e1 foram instauradas pela Corregedoria.<\/li>\n\n\n\n<li>\u200bA arma do crime foi apreendida para per\u00edcia t\u00e9cnica.<\/li>\n<\/ul>\n\n\n\n<h3 class=\"wp-block-heading\">\u200bCrise Oculta: Sa\u00fade Mental e Omiss\u00e3o<\/h3>\n\n\n\n<p class=\"wp-block-paragraph\">\u200bO epis\u00f3dio ocorre em um momento de crescente press\u00e3o sobre o <strong>Governo Ratinho Junior<\/strong>. Cr\u00edticos e entidades de classe apontam que casos como este n\u00e3o s\u00e3o isolados, mas sintomas de um &#8220;colapso psicol\u00f3gico&#8221; dentro da corpora\u00e7\u00e3o. Embora o governo estadual tenha anunciado investimentos em concursos e novas contrata\u00e7\u00f5es para 2026, o suporte emocional e o monitoramento do uso de armas por agentes fora de servi\u00e7o permanecem sob questionamento.<\/p>\n\n\n\n<p class=\"wp-block-paragraph\">\u200bA facilidade de acesso ao armamento institucional, mesmo em per\u00edodos de folga ou afastamento informal, \u00e9 um dos pontos centrais da indigna\u00e7\u00e3o popular. Especialistas em seguran\u00e7a p\u00fablica alertam que a falta de protocolos mais r\u00edgidos de avalia\u00e7\u00e3o psicol\u00f3gica peri\u00f3dica contribui para que dramas pessoais se transformem em trag\u00e9dias letais com recursos do pr\u00f3prio Estado.<\/p>\n\n\n\n<blockquote class=\"wp-block-quote is-layout-flow wp-block-quote-is-layout-flow\">\n<p class=\"wp-block-paragraph\">\u200b&#8221;Duas vidas foram perdidas em um contexto que deveria ser de prote\u00e7\u00e3o, n\u00e3o de viol\u00eancia&#8221;, destaca o relato de testemunhas e moradores locais, chocados com a frieza da a\u00e7\u00e3o.<\/p>\n<\/blockquote>\n\n\n\n<p class=\"wp-block-paragraph\">\u200bA Pol\u00edcia Civil do Paran\u00e1 segue investigando as motiva\u00e7\u00f5es do crime e se havia registros anteriores de amea\u00e7as ou medidas protetivas envolvendo a ex-companheira do militar.<\/p>\n","protected":false},"excerpt":{"rendered":"<p>A madrugada deste s\u00e1bado, 31 de janeiro de 2026, foi marcada por um crime brutal que reacende o debate sobre a seguran\u00e7a p\u00fablica e a [&#8230;]<\/p>\n","protected":false},"author":1,"featured_media":2996,"comment_status":"open","ping_status":"open","sticky":false,"template":"","format":"standard","meta":{"_crdt_document":"","_jetpack_memberships_contains_paid_content":false,"footnotes":"","jetpack_publicize_message":"","jetpack_publicize_feature_enabled":true,"jetpack_social_post_already_shared":true,"jetpack_social_options":{"image_generator_settings":{"template":"highway","default_image_id":0,"font":"","enabled":false},"version":2}},"categories":[9],"tags":[],"class_list":["post-2995","post","type-post","status-publish","format-standard","has-post-thumbnail","hentry","category-policia"],"jetpack_publicize_connections":[],"jetpack_featured_media_url":"https:\/\/i0.wp.com\/oexpressobr.com.br\/wp-content\/uploads\/2026\/02\/PM.png?fit=1536%2C1024&ssl=1","jetpack_likes_enabled":true,"jetpack_sharing_enabled":true,"_links":{"self":[{"href":"https:\/\/oexpressobr.com.br\/index.php?rest_route=\/wp\/v2\/posts\/2995","targetHints":{"allow":["GET"]}}],"collection":[{"href":"https:\/\/oexpressobr.com.br\/index.php?rest_route=\/wp\/v2\/posts"}],"about":[{"href":"https:\/\/oexpressobr.com.br\/index.php?rest_route=\/wp\/v2\/types\/post"}],"author":[{"embeddable":true,"href":"https:\/\/oexpressobr.com.br\/index.php?rest_route=\/wp\/v2\/users\/1"}],"replies":[{"embeddable":true,"href":"https:\/\/oexpressobr.com.br\/index.php?rest_route=%2Fwp%2Fv2%2Fcomments&post=2995"}],"version-history":[{"count":1,"href":"https:\/\/oexpressobr.com.br\/index.php?rest_route=\/wp\/v2\/posts\/2995\/revisions"}],"predecessor-version":[{"id":2997,"href":"https:\/\/oexpressobr.com.br\/index.php?rest_route=\/wp\/v2\/posts\/2995\/revisions\/2997"}],"wp:featuredmedia":[{"embeddable":true,"href":"https:\/\/oexpressobr.com.br\/index.php?rest_route=\/wp\/v2\/media\/2996"}],"wp:attachment":[{"href":"https:\/\/oexpressobr.com.br\/index.php?rest_route=%2Fwp%2Fv2%2Fmedia&parent=2995"}],"wp:term":[{"taxonomy":"category","embeddable":true,"href":"https:\/\/oexpressobr.com.br\/index.php?rest_route=%2Fwp%2Fv2%2Fcategories&post=2995"},{"taxonomy":"post_tag","embeddable":true,"href":"https:\/\/oexpressobr.com.br\/index.php?rest_route=%2Fwp%2Fv2%2Ftags&post=2995"}],"curies":[{"name":"wp","href":"https:\/\/api.w.org\/{rel}","templated":true}]}}