{"id":2998,"date":"2026-02-01T13:47:14","date_gmt":"2026-02-01T16:47:14","guid":{"rendered":"https:\/\/oexpressobr.com.br\/?p=2998"},"modified":"2026-02-01T13:47:15","modified_gmt":"2026-02-01T16:47:15","slug":"justica-condena-sikera-jr-a-3-anos-de-prisao-por-declaracoes-homotransfobicas","status":"publish","type":"post","link":"https:\/\/oexpressobr.com.br\/?p=2998","title":{"rendered":"JUSTI\u00c7A condena Sik\u00eara Jr. a 3 anos de pris\u00e3o por declara\u00e7\u00f5es homotransf\u00f3bicas"},"content":{"rendered":"\n<p class=\"wp-block-paragraph\">\u200bO apresentador de televis\u00e3o Jos\u00e9 Siqueira Barros J\u00fanior, amplamente conhecido como Sik\u00eara Jr., foi condenado pela Justi\u00e7a Federal \u00e0 pena de tr\u00eas anos e seis meses de reclus\u00e3o por crimes de homotransfobia. A senten\u00e7a, proferida no final de janeiro de 2026, refere-se a declara\u00e7\u00f5es discriminat\u00f3rias feitas pelo comunicador durante a exibi\u00e7\u00e3o do programa &#8220;Alerta Nacional&#8221;, da RedeTV!, em junho de 2021.<\/p>\n\n\n\n<p class=\"wp-block-paragraph\">\u200bNa ocasi\u00e3o, Sik\u00eara Jr. utilizou termos pejorativos ao comentar uma campanha publicit\u00e1ria de uma rede de fast-food que celebrava a diversidade familiar. O apresentador referiu-se \u00e0 comunidade LGBTQIA+ como uma &#8220;ra\u00e7a desgra\u00e7ada&#8221; e associou, de forma generalizada, a homossexualidade a crimes graves, como a pedofilia, al\u00e9m de afirmar que o grupo representaria uma amea\u00e7a \u00e0s fam\u00edlias brasileiras.<\/p>\n\n\n\n<p class=\"wp-block-paragraph\">\u200b<strong>Substitui\u00e7\u00e3o da pena e san\u00e7\u00f5es financeiras<\/strong><\/p>\n\n\n\n<p class=\"wp-block-paragraph\">\u200bApesar da condena\u00e7\u00e3o em regime de reclus\u00e3o, o magistrado respons\u00e1vel pelo caso converteu a pena privativa de liberdade em medidas restritivas de direitos, conforme previsto na legisla\u00e7\u00e3o para condena\u00e7\u00f5es desse porte. Com isso, Sik\u00eara Jr. dever\u00e1:<\/p>\n\n\n\n<ul class=\"wp-block-list\">\n<li>\u200bCumprir presta\u00e7\u00e3o de servi\u00e7os \u00e0 comunidade (uma hora por cada dia de condena\u00e7\u00e3o);<\/li>\n\n\n\n<li>\u200bPagar uma presta\u00e7\u00e3o pecuni\u00e1ria equivalente a 50 sal\u00e1rios m\u00ednimos;<\/li>\n\n\n\n<li>\u200bDestinar os valores arrecadados a institui\u00e7\u00f5es que atuam na prote\u00e7\u00e3o e acolhimento da comunidade LGBTQIA+.<\/li>\n<\/ul>\n\n\n\n<p class=\"wp-block-paragraph\">\u200bA decis\u00e3o baseou-se no entendimento consolidado pelo Supremo Tribunal Federal (STF), que equipara pr\u00e1ticas de homotransfobia ao crime de racismo, tornando-as inafian\u00e7\u00e1veis e imprescrit\u00edveis. Segundo a senten\u00e7a, o apresentador extrapolou os limites da liberdade de express\u00e3o e de cren\u00e7a ao incitar o \u00f3dio e a discrimina\u00e7\u00e3o contra uma coletividade.<\/p>\n\n\n\n<p class=\"wp-block-paragraph\">\u200b<strong>Hist\u00f3rico e rea\u00e7\u00f5es<\/strong><\/p>\n\n\n\n<p class=\"wp-block-paragraph\">\u200bEsta n\u00e3o \u00e9 a primeira vez que o apresentador enfrenta san\u00e7\u00f5es judiciais por sua conduta televisiva. Recentemente, ele tamb\u00e9m foi condenado a pagar indeniza\u00e7\u00f5es \u00e0 TV Globo e a outras personalidades por ofensas proferidas no exerc\u00edcio da profiss\u00e3o.<\/p>\n\n\n\n<p class=\"wp-block-paragraph\">\u200bA defesa de Sik\u00eara Jr. sustentou, durante o processo, que as falas eram cr\u00edticas direcionadas \u00e0 estrat\u00e9gia de marketing da empresa e n\u00e3o ao grupo social em si, alegando aus\u00eancia de inten\u00e7\u00e3o discriminat\u00f3ria. No entanto, o Minist\u00e9rio P\u00fablico Federal (MPF), autor da a\u00e7\u00e3o, destacou que o alcance nacional da fala amplificou o dano \u00e0 dignidade das pessoas atingidas.<\/p>\n\n\n\n<p class=\"wp-block-paragraph\">\u200bA decis\u00e3o ainda \u00e9 pass\u00edvel de recurso em inst\u00e2ncias superiores, mas j\u00e1 \u00e9 considerada por entidades de direitos humanos como um marco importante no combate ao discurso de \u00f3dio nos meios de comunica\u00e7\u00e3o de massa no Brasil.<\/p>\n","protected":false},"excerpt":{"rendered":"<p>\u200bO apresentador de televis\u00e3o Jos\u00e9 Siqueira Barros J\u00fanior, amplamente conhecido como Sik\u00eara Jr., foi condenado pela Justi\u00e7a Federal \u00e0 pena de tr\u00eas anos e seis [&#8230;]<\/p>\n","protected":false},"author":1,"featured_media":2999,"comment_status":"open","ping_status":"open","sticky":false,"template":"","format":"standard","meta":{"_crdt_document":"","_jetpack_memberships_contains_paid_content":false,"footnotes":"","jetpack_publicize_message":"","jetpack_publicize_feature_enabled":true,"jetpack_social_post_already_shared":true,"jetpack_social_options":{"image_generator_settings":{"template":"highway","default_image_id":0,"font":"","enabled":false},"version":2}},"categories":[8],"tags":[],"class_list":["post-2998","post","type-post","status-publish","format-standard","has-post-thumbnail","hentry","category-judiciario"],"jetpack_publicize_connections":[],"jetpack_featured_media_url":"https:\/\/i0.wp.com\/oexpressobr.com.br\/wp-content\/uploads\/2026\/02\/40938426-ao-vivo-sikera-jr-choca-ao-revelar-valor-de-seu-salario-na-redetv-1139405.jpg?fit=1000%2C519&ssl=1","jetpack_likes_enabled":true,"jetpack_sharing_enabled":true,"_links":{"self":[{"href":"https:\/\/oexpressobr.com.br\/index.php?rest_route=\/wp\/v2\/posts\/2998","targetHints":{"allow":["GET"]}}],"collection":[{"href":"https:\/\/oexpressobr.com.br\/index.php?rest_route=\/wp\/v2\/posts"}],"about":[{"href":"https:\/\/oexpressobr.com.br\/index.php?rest_route=\/wp\/v2\/types\/post"}],"author":[{"embeddable":true,"href":"https:\/\/oexpressobr.com.br\/index.php?rest_route=\/wp\/v2\/users\/1"}],"replies":[{"embeddable":true,"href":"https:\/\/oexpressobr.com.br\/index.php?rest_route=%2Fwp%2Fv2%2Fcomments&post=2998"}],"version-history":[{"count":1,"href":"https:\/\/oexpressobr.com.br\/index.php?rest_route=\/wp\/v2\/posts\/2998\/revisions"}],"predecessor-version":[{"id":3000,"href":"https:\/\/oexpressobr.com.br\/index.php?rest_route=\/wp\/v2\/posts\/2998\/revisions\/3000"}],"wp:featuredmedia":[{"embeddable":true,"href":"https:\/\/oexpressobr.com.br\/index.php?rest_route=\/wp\/v2\/media\/2999"}],"wp:attachment":[{"href":"https:\/\/oexpressobr.com.br\/index.php?rest_route=%2Fwp%2Fv2%2Fmedia&parent=2998"}],"wp:term":[{"taxonomy":"category","embeddable":true,"href":"https:\/\/oexpressobr.com.br\/index.php?rest_route=%2Fwp%2Fv2%2Fcategories&post=2998"},{"taxonomy":"post_tag","embeddable":true,"href":"https:\/\/oexpressobr.com.br\/index.php?rest_route=%2Fwp%2Fv2%2Ftags&post=2998"}],"curies":[{"name":"wp","href":"https:\/\/api.w.org\/{rel}","templated":true}]}}