{"id":3001,"date":"2026-02-01T14:07:20","date_gmt":"2026-02-01T17:07:20","guid":{"rendered":"https:\/\/oexpressobr.com.br\/?p=3001"},"modified":"2026-02-01T14:07:21","modified_gmt":"2026-02-01T17:07:21","slug":"corinthians-oficializa-contratacao-de-kayky-junto-ao-bahia-para-reforcar-ataque","status":"publish","type":"post","link":"https:\/\/oexpressobr.com.br\/?p=3001","title":{"rendered":"Corinthians oficializa contrata\u00e7\u00e3o de Kayky junto ao Bahia para refor\u00e7ar ataque"},"content":{"rendered":"\n<p class=\"wp-block-paragraph\">O Sport Club Corinthians Paulista selou a contrata\u00e7\u00e3o de seu quinto refor\u00e7o para a temporada de 2026. O atacante <strong>Kayky<\/strong>, de 22 anos, chega ao Parque S\u00e3o Jorge por meio de um acordo de <strong>empr\u00e9stimo v\u00e1lido at\u00e9 o fim de 2026<\/strong>. O atleta pertence ao Bahia, clube com o qual mant\u00e9m v\u00ednculo definitivo at\u00e9 dezembro de 2029.<\/p>\n\n\n\n<p class=\"wp-block-paragraph\">A movimenta\u00e7\u00e3o no mercado reflete a busca da diretoria alvinegra por pe\u00e7as de velocidade e drible para o setor ofensivo. Kayky, revelado pelo Fluminense e com passagem pelo Manchester City, busca no Tim\u00e3o a oportunidade de retomar o protagonismo que o al\u00e7ou como uma das grandes promessas do futebol brasileiro.<\/p>\n\n\n\n<h3 class=\"wp-block-heading\">Detalhes do Acordo e Bastidores<\/h3>\n\n\n\n<p class=\"wp-block-paragraph\">A negocia\u00e7\u00e3o vinha sendo tratada com cautela nas \u00faltimas semanas. O modelo de neg\u00f3cio foi considerado ben\u00e9fico para ambas as partes:<\/p>\n\n\n\n<ul class=\"wp-block-list\">\n<li><strong>Oportunidade para o Atleta:<\/strong> Kayky busca somar mais minutos em campo em um calend\u00e1rio competitivo.<\/li>\n\n\n\n<li><strong>Estrat\u00e9gia do Corinthians:<\/strong> O clube refor\u00e7a o elenco com um jogador de alto potencial sem a necessidade de um investimento imediato em direitos econ\u00f4micos.<\/li>\n\n\n\n<li><strong>Posicionamento do Bahia:<\/strong> O Tricolor de A\u00e7o v\u00ea com bons olhos a valoriza\u00e7\u00e3o de seu ativo em uma vitrine como a do Corinthians.<\/li>\n<\/ul>\n\n\n\n<h3 class=\"wp-block-heading\">O Perfil do Novo Refor\u00e7o<\/h3>\n\n\n\n<p class=\"wp-block-paragraph\">Conhecido pela habilidade no &#8220;um contra um&#8221; e pela facilidade em atuar pelas pontas, Kayky chega para disputar posi\u00e7\u00e3o em um setor que tem sido prioridade para a comiss\u00e3o t\u00e9cnica. Sua polival\u00eancia no ataque permite que ele atue tanto pelo lado direito, cortando para dentro, quanto pelo lado esquerdo.<\/p>\n\n\n\n<blockquote class=\"wp-block-quote is-layout-flow wp-block-quote-is-layout-flow\">\n<p class=\"wp-block-paragraph\">&#8220;A chegada de Kayky traz uma caracter\u00edstica de drible e improviso que \u00e9 fundamental para furar defesas fechadas, algo que o Corinthians enfrentou em diversos jogos nesta temporada&#8221;, avaliam analistas esportivos.<\/p>\n<\/blockquote>\n\n\n\n<h3 class=\"wp-block-heading\">Pr\u00f3ximos Passos<\/h3>\n\n\n\n<p class=\"wp-block-paragraph\">O jogador j\u00e1 \u00e9 esperado no CT Joaquim Grava para a realiza\u00e7\u00e3o de exames m\u00e9dicos e testes f\u00edsicos. Ap\u00f3s a assinatura formal do contrato, o nome do atacante dever\u00e1 aparecer no <strong>BID (Boletim Informativo Di\u00e1rio)<\/strong> da CBF, permitindo que ele fique \u00e0 disposi\u00e7\u00e3o para as pr\u00f3ximas rodadas.<\/p>\n","protected":false},"excerpt":{"rendered":"<p>O Sport Club Corinthians Paulista selou a contrata\u00e7\u00e3o de seu quinto refor\u00e7o para a temporada de 2026. O atacante Kayky, de 22 anos, chega ao [&#8230;]<\/p>\n","protected":false},"author":1,"featured_media":3002,"comment_status":"open","ping_status":"open","sticky":false,"template":"","format":"standard","meta":{"_crdt_document":"","_jetpack_memberships_contains_paid_content":false,"footnotes":"","jetpack_publicize_message":"","jetpack_publicize_feature_enabled":true,"jetpack_social_post_already_shared":true,"jetpack_social_options":{"image_generator_settings":{"template":"highway","default_image_id":0,"font":"","enabled":false},"version":2}},"categories":[12],"tags":[],"class_list":["post-3001","post","type-post","status-publish","format-standard","has-post-thumbnail","hentry","category-esporte"],"jetpack_publicize_connections":[],"jetpack_featured_media_url":"https:\/\/i0.wp.com\/oexpressobr.com.br\/wp-content\/uploads\/2026\/02\/AA1VoOhK.jpg?fit=768%2C512&ssl=1","jetpack_likes_enabled":true,"jetpack_sharing_enabled":true,"_links":{"self":[{"href":"https:\/\/oexpressobr.com.br\/index.php?rest_route=\/wp\/v2\/posts\/3001","targetHints":{"allow":["GET"]}}],"collection":[{"href":"https:\/\/oexpressobr.com.br\/index.php?rest_route=\/wp\/v2\/posts"}],"about":[{"href":"https:\/\/oexpressobr.com.br\/index.php?rest_route=\/wp\/v2\/types\/post"}],"author":[{"embeddable":true,"href":"https:\/\/oexpressobr.com.br\/index.php?rest_route=\/wp\/v2\/users\/1"}],"replies":[{"embeddable":true,"href":"https:\/\/oexpressobr.com.br\/index.php?rest_route=%2Fwp%2Fv2%2Fcomments&post=3001"}],"version-history":[{"count":1,"href":"https:\/\/oexpressobr.com.br\/index.php?rest_route=\/wp\/v2\/posts\/3001\/revisions"}],"predecessor-version":[{"id":3003,"href":"https:\/\/oexpressobr.com.br\/index.php?rest_route=\/wp\/v2\/posts\/3001\/revisions\/3003"}],"wp:featuredmedia":[{"embeddable":true,"href":"https:\/\/oexpressobr.com.br\/index.php?rest_route=\/wp\/v2\/media\/3002"}],"wp:attachment":[{"href":"https:\/\/oexpressobr.com.br\/index.php?rest_route=%2Fwp%2Fv2%2Fmedia&parent=3001"}],"wp:term":[{"taxonomy":"category","embeddable":true,"href":"https:\/\/oexpressobr.com.br\/index.php?rest_route=%2Fwp%2Fv2%2Fcategories&post=3001"},{"taxonomy":"post_tag","embeddable":true,"href":"https:\/\/oexpressobr.com.br\/index.php?rest_route=%2Fwp%2Fv2%2Ftags&post=3001"}],"curies":[{"name":"wp","href":"https:\/\/api.w.org\/{rel}","templated":true}]}}