{"id":3007,"date":"2026-02-01T14:25:24","date_gmt":"2026-02-01T17:25:24","guid":{"rendered":"https:\/\/oexpressobr.com.br\/?p=3007"},"modified":"2026-02-01T14:25:27","modified_gmt":"2026-02-01T17:25:27","slug":"lavar-os-pes-dermatologistas-alertam-sobre-os-riscos-de-apenas-deixar-a-agua-escorrer-no-banho","status":"publish","type":"post","link":"https:\/\/oexpressobr.com.br\/?p=3007","title":{"rendered":"Lavar os p\u00e9s: dermatologistas alertam sobre os riscos de apenas deixar a \u00e1gua escorrer no banho"},"content":{"rendered":"\n<p class=\"wp-block-paragraph\">Muitos brasileiros acreditam que a \u00e1gua com sab\u00e3o que escorre do corpo durante o banho \u00e9 suficiente para limpar os p\u00e9s. No entanto, especialistas em dermatologia e podologia alertam que essa pr\u00e1tica &#8220;passiva&#8221; pode ser a porta de entrada para infec\u00e7\u00f5es f\u00fangicas, micoses e o temido mau odor. Com o aumento das temperaturas e o uso frequente de cal\u00e7ados fechados em 2025, a higiene rigorosa dessa extremidade do corpo tornou-se uma quest\u00e3o de sa\u00fade p\u00fablica.<\/p>\n\n\n\n<h3 class=\"wp-block-heading\">\u200bO erro do &#8220;banho por gravidade&#8221;<\/h3>\n\n\n\n<p class=\"wp-block-paragraph\">\u200bA ideia de que os p\u00e9s se lavam sozinhos \u00e9 um mito. De acordo com especialistas ouvidos recentemente pela BBC e \u00f3rg\u00e3os de sa\u00fade como o CDC (Centros de Controle e Preven\u00e7\u00e3o de Doen\u00e7as), os p\u00e9s abrigam uma microbiota complexa, com bilh\u00f5es de bact\u00e9rias e fungos que se alimentam de c\u00e9lulas mortas e suor.<\/p>\n\n\n\n<p class=\"wp-block-paragraph\">\u200bQuando apenas deixamos a \u00e1gua passar, n\u00e3o removemos mecanicamente essa camada de res\u00edduos. &#8220;A fric\u00e7\u00e3o \u00e9 necess\u00e1ria para romper o biofilme bacteriano que se forma na sola e entre os dedos&#8221;, explicam os dermatologistas.<\/p>\n\n\n\n<h3 class=\"wp-block-heading\">\u200bCom que frequ\u00eancia e como lavar?<\/h3>\n\n\n\n<p class=\"wp-block-paragraph\">\u200bA recomenda\u00e7\u00e3o atual \u00e9 un\u00e2nime: os p\u00e9s devem ser lavados <strong>diariamente<\/strong>, preferencialmente com \u00e1gua morna e sabonete neutro. Confira o passo a passo para uma higiene correta:<\/p>\n\n\n\n<ol class=\"wp-block-list\">\n<li>\u200b<strong>Esfregue ativamente:<\/strong> Use as m\u00e3os ou uma esponja macia para lavar todo o p\u00e9, incluindo o calcanhar e a planta.<\/li>\n\n\n\n<li>\u200b<strong>Foco entre os dedos:<\/strong> Esta \u00e9 a \u00e1rea mais cr\u00edtica. A umidade retida ali \u00e9 o ambiente perfeito para a <em>tinea pedis<\/em> (p\u00e9 de atleta) e frieiras.<\/li>\n\n\n\n<li>\u200b<strong>Aten\u00e7\u00e3o \u00e0s unhas:<\/strong> Use uma escova de cerdas macias para limpar sob as unhas, onde a sujeira se acumula facilmente.<\/li>\n\n\n\n<li>\u200b<strong>Secagem impec\u00e1vel:<\/strong> Talvez o passo mais importante. Use uma toalha exclusiva para os p\u00e9s ou certifique-se de secar minuciosamente entre cada dedo antes de cal\u00e7ar meias ou sapatos.<\/li>\n<\/ol>\n\n\n\n<h3 class=\"wp-block-heading\">\u200bNovidades e tend\u00eancias para 2025<\/h3>\n\n\n\n<p class=\"wp-block-paragraph\">\u200bAs \u00faltimas diretrizes de sa\u00fade para 2025 trazem atualiza\u00e7\u00f5es importantes:<\/p>\n\n\n\n<ul class=\"wp-block-list\">\n<li>\u200b<strong>Hidrata\u00e7\u00e3o seletiva:<\/strong> A recomenda\u00e7\u00e3o agora \u00e9 hidratar diariamente para evitar rachaduras (que s\u00e3o portas de entrada para bact\u00e9rias), mas <strong>nunca<\/strong> passar creme entre os dedos, pois o excesso de umidade nessa zona espec\u00edfica favorece fungos.<\/li>\n\n\n\n<li>\u200b<strong>Rod\u00edzio de cal\u00e7ados:<\/strong> Especialistas refor\u00e7am que sapatos precisam de pelo menos 24 horas de &#8220;descanso&#8221; em local arejado para secar completamente o suor interno antes de serem usados novamente.<\/li>\n\n\n\n<li>\u200b<strong>Cuidado com diab\u00e9ticos:<\/strong> Para este grupo, a inspe\u00e7\u00e3o di\u00e1ria dos p\u00e9s em busca de pequenos cortes ou vermelhid\u00e3o \u00e9 vital, j\u00e1 que a sensibilidade reduzida pode mascarar infec\u00e7\u00f5es graves que come\u00e7am por uma higiene inadequada.<\/li>\n<\/ul>\n\n\n\n<h3 class=\"wp-block-heading\">\u200bOs riscos da neglig\u00eancia<\/h3>\n\n\n\n<p class=\"wp-block-paragraph\">\u200bIgnorar a limpeza correta pode levar a complica\u00e7\u00f5es que v\u00e3o al\u00e9m do &#8220;chul\u00e9&#8221;. Rachaduras profundas podem evoluir para celulite infecciosa (uma infec\u00e7\u00e3o bacteriana na pele) ou at\u00e9 afetar as articula\u00e7\u00f5es em casos extremos de feridas n\u00e3o tratadas.<\/p>\n\n\n\n<p class=\"wp-block-paragraph\">\u200bPortanto, na pr\u00f3xima vez que entrar no chuveiro, lembre-se: seus p\u00e9s suportam todo o seu peso o dia inteiro; eles merecem mais do que apenas a &#8220;\u00e1gua de segunda m\u00e3o&#8221; que escorre do seu corpo.<\/p>\n","protected":false},"excerpt":{"rendered":"<p>Muitos brasileiros acreditam que a \u00e1gua com sab\u00e3o que escorre do corpo durante o banho \u00e9 suficiente para limpar os p\u00e9s. No entanto, especialistas em [&#8230;]<\/p>\n","protected":false},"author":1,"featured_media":3008,"comment_status":"open","ping_status":"open","sticky":false,"template":"","format":"standard","meta":{"_crdt_document":"","_jetpack_memberships_contains_paid_content":false,"footnotes":"","jetpack_publicize_message":"","jetpack_publicize_feature_enabled":true,"jetpack_social_post_already_shared":true,"jetpack_social_options":{"image_generator_settings":{"template":"highway","default_image_id":0,"font":"","enabled":false},"version":2}},"categories":[3],"tags":[],"class_list":["post-3007","post","type-post","status-publish","format-standard","has-post-thumbnail","hentry","category-brasil"],"jetpack_publicize_connections":[],"jetpack_featured_media_url":"https:\/\/i0.wp.com\/oexpressobr.com.br\/wp-content\/uploads\/2026\/02\/94a5c700-0d81-11f0-a1c5-cd0d1898b025.jpg.webp?fit=800%2C449&ssl=1","jetpack_likes_enabled":true,"jetpack_sharing_enabled":true,"_links":{"self":[{"href":"https:\/\/oexpressobr.com.br\/index.php?rest_route=\/wp\/v2\/posts\/3007","targetHints":{"allow":["GET"]}}],"collection":[{"href":"https:\/\/oexpressobr.com.br\/index.php?rest_route=\/wp\/v2\/posts"}],"about":[{"href":"https:\/\/oexpressobr.com.br\/index.php?rest_route=\/wp\/v2\/types\/post"}],"author":[{"embeddable":true,"href":"https:\/\/oexpressobr.com.br\/index.php?rest_route=\/wp\/v2\/users\/1"}],"replies":[{"embeddable":true,"href":"https:\/\/oexpressobr.com.br\/index.php?rest_route=%2Fwp%2Fv2%2Fcomments&post=3007"}],"version-history":[{"count":1,"href":"https:\/\/oexpressobr.com.br\/index.php?rest_route=\/wp\/v2\/posts\/3007\/revisions"}],"predecessor-version":[{"id":3009,"href":"https:\/\/oexpressobr.com.br\/index.php?rest_route=\/wp\/v2\/posts\/3007\/revisions\/3009"}],"wp:featuredmedia":[{"embeddable":true,"href":"https:\/\/oexpressobr.com.br\/index.php?rest_route=\/wp\/v2\/media\/3008"}],"wp:attachment":[{"href":"https:\/\/oexpressobr.com.br\/index.php?rest_route=%2Fwp%2Fv2%2Fmedia&parent=3007"}],"wp:term":[{"taxonomy":"category","embeddable":true,"href":"https:\/\/oexpressobr.com.br\/index.php?rest_route=%2Fwp%2Fv2%2Fcategories&post=3007"},{"taxonomy":"post_tag","embeddable":true,"href":"https:\/\/oexpressobr.com.br\/index.php?rest_route=%2Fwp%2Fv2%2Ftags&post=3007"}],"curies":[{"name":"wp","href":"https:\/\/api.w.org\/{rel}","templated":true}]}}