{"id":3013,"date":"2026-02-02T00:37:50","date_gmt":"2026-02-02T03:37:50","guid":{"rendered":"https:\/\/oexpressobr.com.br\/?p=3013"},"modified":"2026-02-02T00:37:51","modified_gmt":"2026-02-02T03:37:51","slug":"trump-acena-para-acordos-com-cuba-e-ira-sob-pressao-de-sancoes-e-crise-energetica","status":"publish","type":"post","link":"https:\/\/oexpressobr.com.br\/?p=3013","title":{"rendered":"Trump acena para acordos com Cuba e Ir\u00e3 sob press\u00e3o de san\u00e7\u00f5es e crise energ\u00e9tica"},"content":{"rendered":"\n<p class=\"wp-block-paragraph\">O presidente dos Estados Unidos, Donald Trump, sinalizou nesta semana uma mudan\u00e7a de tom \u2014 ainda que acompanhada de fortes amea\u00e7as \u2014 ao afirmar que v\u00ea &#8220;grandes chances&#8221; de firmar novos acordos com Cuba e Ir\u00e3. As declara\u00e7\u00f5es ocorrem em um momento de asfixia econ\u00f4mica para ambos os pa\u00edses, intensificada por recentes ordens executivas da Casa Branca e opera\u00e7\u00f5es militares na regi\u00e3o.<\/p>\n\n\n\n<h3 class=\"wp-block-heading\">\u200bPress\u00e3o m\u00e1xima sobre Havana<\/h3>\n\n\n\n<p class=\"wp-block-paragraph\">\u200bEm rela\u00e7\u00e3o a Cuba, a postura de Trump endureceu drasticamente ap\u00f3s a opera\u00e7\u00e3o militar que resultou na captura de Nicol\u00e1s Maduro na Venezuela, no in\u00edcio de janeiro. Com a queda do regime venezuelano, o fluxo de petr\u00f3leo subsidiado que sustentava a ilha caribenha foi interrompido.<\/p>\n\n\n\n<p class=\"wp-block-paragraph\">\u200bNa \u00faltima sexta-feira (30), Trump declarou <strong>emerg\u00eancia nacional<\/strong> contra Cuba e estabeleceu san\u00e7\u00f5es severas que visam taxar qualquer pa\u00eds que forne\u00e7a combust\u00edvel \u00e0 &#8220;ditadura comunista&#8221;. Segundo o presidente, Cuba &#8220;n\u00e3o ter\u00e1 mais petr\u00f3leo nem dinheiro&#8221; e deve buscar um entendimento com Washington &#8220;antes que seja tarde demais&#8221;. Apesar da ret\u00f3rica agressiva, Trump confirmou que funcion\u00e1rios do alto escal\u00e3o dos dois pa\u00edses mant\u00eam canais de conversa abertos para evitar o colapso total da ilha.<\/p>\n\n\n\n<h3 class=\"wp-block-heading\">\u200bO ultimato nuclear ao Ir\u00e3<\/h3>\n\n\n\n<p class=\"wp-block-paragraph\">\u200bNo Oriente M\u00e9dio, o cen\u00e1rio \u00e9 de &#8220;diplomacia de corda bamba&#8221;. Trump afirmou que o Ir\u00e3 &#8220;quer chegar a um acordo&#8221; para evitar um ataque militar direto dos EUA. A tens\u00e3o escalou ap\u00f3s uma s\u00e9rie de protestos internos no Ir\u00e3 e a movimenta\u00e7\u00e3o de uma frota naval norte-americana em dire\u00e7\u00e3o \u00e0 regi\u00e3o.<\/p>\n\n\n\n<p class=\"wp-block-paragraph\">\u200bO presidente destacou que Teer\u00e3 interrompeu recentemente a execu\u00e7\u00e3o de manifestantes como um gesto de boa vontade, o que ele interpretou como um sinal de que o regime est\u00e1 pronto para negociar. &#8220;Esperamos chegar a um acordo. Se n\u00e3o conseguirmos, o pr\u00f3ximo ataque ser\u00e1 muito pior&#8221;, alertou Trump, referindo-se \u00e0 exig\u00eancia de um pacto que impe\u00e7a definitivamente o enriquecimento de ur\u00e2nio para fins b\u00e9licos.<\/p>\n\n\n\n<h3 class=\"wp-block-heading\">\u200bCen\u00e1rio Global<\/h3>\n\n\n\n<p class=\"wp-block-paragraph\">\u200bA estrat\u00e9gia de Trump, apelidada por analistas de &#8220;paz atrav\u00e9s da for\u00e7a&#8221;, utiliza tarifas e amea\u00e7as militares como alavancas de negocia\u00e7\u00e3o. Enquanto o Ir\u00e3 busca a media\u00e7\u00e3o da Turquia e da R\u00fassia para evitar o conflito, Cuba enfrenta sua pior crise energ\u00e9tica em d\u00e9cadas, pressionada pelo novo &#8220;mecanismo de toler\u00e2ncia zero&#8221; dos EUA contra seus fornecedores de petr\u00f3leo.<\/p>\n\n\n\n<p class=\"wp-block-paragraph\">\u200bOs pr\u00f3ximos dias ser\u00e3o decisivos para determinar se as janelas de di\u00e1logo mencionadas por Trump se transformar\u00e3o em tratados formais ou se o isolamento de Havana e Teer\u00e3 levar\u00e1 a uma nova escalada de confrontos.<\/p>\n\n\n\n<p class=\"wp-block-paragraph\">\u200b<strong>Principais envolvidos:<\/strong><\/p>\n\n\n\n<ul class=\"wp-block-list\">\n<li>\u200b<strong>Donald Trump:<\/strong> Presidente dos EUA (proponente dos acordos e san\u00e7\u00f5es).<\/li>\n\n\n\n<li>\u200b<strong>Marco Rubio:<\/strong> Secret\u00e1rio de Estado dos EUA (figura central na pol\u00edtica para a Am\u00e9rica Latina).<\/li>\n\n\n\n<li>\u200b<strong>Regime Cubano:<\/strong> Enfrenta emerg\u00eancia nacional e corte de suprimentos.<\/li>\n\n\n\n<li>\u200b<strong>Governo do Ir\u00e3:<\/strong> Pressionado a retomar negocia\u00e7\u00f5es nucleares sob amea\u00e7a de ataque.<\/li>\n<\/ul>\n","protected":false},"excerpt":{"rendered":"<p>O presidente dos Estados Unidos, Donald Trump, sinalizou nesta semana uma mudan\u00e7a de tom \u2014 ainda que acompanhada de fortes amea\u00e7as \u2014 ao afirmar que [&#8230;]<\/p>\n","protected":false},"author":1,"featured_media":3014,"comment_status":"open","ping_status":"open","sticky":false,"template":"","format":"standard","meta":{"_crdt_document":"","_jetpack_memberships_contains_paid_content":false,"footnotes":"","jetpack_publicize_message":"","jetpack_publicize_feature_enabled":true,"jetpack_social_post_already_shared":true,"jetpack_social_options":{"image_generator_settings":{"template":"highway","default_image_id":0,"font":"","enabled":false},"version":2}},"categories":[15],"tags":[],"class_list":["post-3013","post","type-post","status-publish","format-standard","has-post-thumbnail","hentry","category-internacional"],"jetpack_publicize_connections":[],"jetpack_featured_media_url":"https:\/\/i0.wp.com\/oexpressobr.com.br\/wp-content\/uploads\/2026\/02\/IMG-20260202-WA0087.jpg?fit=1024%2C683&ssl=1","jetpack_likes_enabled":true,"jetpack_sharing_enabled":true,"_links":{"self":[{"href":"https:\/\/oexpressobr.com.br\/index.php?rest_route=\/wp\/v2\/posts\/3013","targetHints":{"allow":["GET"]}}],"collection":[{"href":"https:\/\/oexpressobr.com.br\/index.php?rest_route=\/wp\/v2\/posts"}],"about":[{"href":"https:\/\/oexpressobr.com.br\/index.php?rest_route=\/wp\/v2\/types\/post"}],"author":[{"embeddable":true,"href":"https:\/\/oexpressobr.com.br\/index.php?rest_route=\/wp\/v2\/users\/1"}],"replies":[{"embeddable":true,"href":"https:\/\/oexpressobr.com.br\/index.php?rest_route=%2Fwp%2Fv2%2Fcomments&post=3013"}],"version-history":[{"count":1,"href":"https:\/\/oexpressobr.com.br\/index.php?rest_route=\/wp\/v2\/posts\/3013\/revisions"}],"predecessor-version":[{"id":3015,"href":"https:\/\/oexpressobr.com.br\/index.php?rest_route=\/wp\/v2\/posts\/3013\/revisions\/3015"}],"wp:featuredmedia":[{"embeddable":true,"href":"https:\/\/oexpressobr.com.br\/index.php?rest_route=\/wp\/v2\/media\/3014"}],"wp:attachment":[{"href":"https:\/\/oexpressobr.com.br\/index.php?rest_route=%2Fwp%2Fv2%2Fmedia&parent=3013"}],"wp:term":[{"taxonomy":"category","embeddable":true,"href":"https:\/\/oexpressobr.com.br\/index.php?rest_route=%2Fwp%2Fv2%2Fcategories&post=3013"},{"taxonomy":"post_tag","embeddable":true,"href":"https:\/\/oexpressobr.com.br\/index.php?rest_route=%2Fwp%2Fv2%2Ftags&post=3013"}],"curies":[{"name":"wp","href":"https:\/\/api.w.org\/{rel}","templated":true}]}}