{"id":3019,"date":"2026-02-02T00:48:46","date_gmt":"2026-02-02T03:48:46","guid":{"rendered":"https:\/\/oexpressobr.com.br\/?p=3019"},"modified":"2026-02-02T00:48:47","modified_gmt":"2026-02-02T03:48:47","slug":"caso-orelha-porteiro-nega-ter-presenciado-agressoes-em-novo-depoimento-a-policia-civil","status":"publish","type":"post","link":"https:\/\/oexpressobr.com.br\/?p=3019","title":{"rendered":"Caso Orelha: Porteiro nega ter presenciado agress\u00f5es em novo depoimento \u00e0 Pol\u00edcia Civil"},"content":{"rendered":"\n<p class=\"wp-block-paragraph\">As investiga\u00e7\u00f5es sobre o espancamento do c\u00e3o <strong>Orelha<\/strong>, ocorrido em um condom\u00ednio na Zona Norte do Rio de Janeiro, ganharam novos contornos nesta semana. O porteiro do edif\u00edcio, uma das principais testemunhas do caso, prestou depoimento oficial e afirmou que, embora estivesse no posto de trabalho, n\u00e3o visualizou o momento exato da viol\u00eancia cometida pelo tutor, o nutricionista <strong>Jo\u00e3o Alexandre<\/strong>.<\/p>\n\n\n\n<h3 class=\"wp-block-heading\">\u200bOs pontos centrais do depoimento<\/h3>\n\n\n\n<p class=\"wp-block-paragraph\">\u200bEm sua fala aos investigadores da <strong>Delegacia de Prote\u00e7\u00e3o ao Meio Ambiente (DPMA)<\/strong>, o funcion\u00e1rio destacou que o \u00e2ngulo de vis\u00e3o e a din\u00e2mica do ocorrido impediram a percep\u00e7\u00e3o imediata do crime.<\/p>\n\n\n\n<ul class=\"wp-block-list\">\n<li>\u200b<strong>A alega\u00e7\u00e3o:<\/strong> &#8220;Se eu tivesse visto batendo no cachorro, eu diria&#8221;, afirmou o porteiro, refor\u00e7ando que n\u00e3o houve omiss\u00e3o deliberada.<\/li>\n\n\n\n<li>\u200b<strong>O flagrante:<\/strong> As imagens de seguran\u00e7a, no entanto, mostram o tutor desferindo chutes e pancadas contra o animal, que n\u00e3o oferecia resist\u00eancia.<\/li>\n\n\n\n<li>\u200b<strong>A defesa do tutor:<\/strong> Jo\u00e3o Alexandre, o agressor filmado, alega que estava em um momento de &#8220;surto&#8221; e que o c\u00e3o teria tido um comportamento agressivo anteriormente, justificativa que foi amplamente recha\u00e7ada por veterin\u00e1rios e peritos que analisaram as imagens.<\/li>\n<\/ul>\n\n\n\n<h3 class=\"wp-block-heading\">\u200bEstado de sa\u00fade e o destino de Orelha<\/h3>\n\n\n\n<p class=\"wp-block-paragraph\">\u200bEnquanto o processo criminal avan\u00e7a, a boa not\u00edcia reside na recupera\u00e7\u00e3o da v\u00edtima.<\/p>\n\n\n\n<ol class=\"wp-block-list\">\n<li>\u200b<strong>Recupera\u00e7\u00e3o:<\/strong> Orelha recebeu atendimento veterin\u00e1rio especializado para tratar as les\u00f5es decorrentes dos traumas f\u00edsicos.<\/li>\n\n\n\n<li>\u200b<strong>Guarda:<\/strong> A justi\u00e7a determinou a retirada definitiva da guarda do agressor. O animal agora segue sob os cuidados de protetores e deve ser encaminhado para um novo lar ap\u00f3s a conclus\u00e3o dos protocolos de reabilita\u00e7\u00e3o f\u00edsica e psicol\u00f3gica.<\/li>\n\n\n\n<li>\u200b<strong>Consequ\u00eancias Legais:<\/strong> O nutricionista responde em liberdade, mas o Minist\u00e9rio P\u00fablico acompanha o caso de perto sob a \u00e9gide da <strong>Lei Sans\u00e3o<\/strong> (Lei 14.064\/20), que endureceu a pena para maus-tratos contra c\u00e3es e gatos, prevendo reclus\u00e3o de 2 a 5 anos.<\/li>\n<\/ol>\n","protected":false},"excerpt":{"rendered":"<p>As investiga\u00e7\u00f5es sobre o espancamento do c\u00e3o Orelha, ocorrido em um condom\u00ednio na Zona Norte do Rio de Janeiro, ganharam novos contornos nesta semana. O [&#8230;]<\/p>\n","protected":false},"author":1,"featured_media":3020,"comment_status":"open","ping_status":"open","sticky":false,"template":"","format":"standard","meta":{"_crdt_document":"","_jetpack_memberships_contains_paid_content":false,"footnotes":"","jetpack_publicize_message":"","jetpack_publicize_feature_enabled":true,"jetpack_social_post_already_shared":true,"jetpack_social_options":{"image_generator_settings":{"template":"highway","default_image_id":0,"font":"","enabled":false},"version":2}},"categories":[9],"tags":[],"class_list":["post-3019","post","type-post","status-publish","format-standard","has-post-thumbnail","hentry","category-policia"],"jetpack_publicize_connections":[],"jetpack_featured_media_url":"https:\/\/i0.wp.com\/oexpressobr.com.br\/wp-content\/uploads\/2026\/02\/IMG-20260202-WA0092.jpg?fit=1600%2C900&ssl=1","jetpack_likes_enabled":true,"jetpack_sharing_enabled":true,"_links":{"self":[{"href":"https:\/\/oexpressobr.com.br\/index.php?rest_route=\/wp\/v2\/posts\/3019","targetHints":{"allow":["GET"]}}],"collection":[{"href":"https:\/\/oexpressobr.com.br\/index.php?rest_route=\/wp\/v2\/posts"}],"about":[{"href":"https:\/\/oexpressobr.com.br\/index.php?rest_route=\/wp\/v2\/types\/post"}],"author":[{"embeddable":true,"href":"https:\/\/oexpressobr.com.br\/index.php?rest_route=\/wp\/v2\/users\/1"}],"replies":[{"embeddable":true,"href":"https:\/\/oexpressobr.com.br\/index.php?rest_route=%2Fwp%2Fv2%2Fcomments&post=3019"}],"version-history":[{"count":1,"href":"https:\/\/oexpressobr.com.br\/index.php?rest_route=\/wp\/v2\/posts\/3019\/revisions"}],"predecessor-version":[{"id":3021,"href":"https:\/\/oexpressobr.com.br\/index.php?rest_route=\/wp\/v2\/posts\/3019\/revisions\/3021"}],"wp:featuredmedia":[{"embeddable":true,"href":"https:\/\/oexpressobr.com.br\/index.php?rest_route=\/wp\/v2\/media\/3020"}],"wp:attachment":[{"href":"https:\/\/oexpressobr.com.br\/index.php?rest_route=%2Fwp%2Fv2%2Fmedia&parent=3019"}],"wp:term":[{"taxonomy":"category","embeddable":true,"href":"https:\/\/oexpressobr.com.br\/index.php?rest_route=%2Fwp%2Fv2%2Fcategories&post=3019"},{"taxonomy":"post_tag","embeddable":true,"href":"https:\/\/oexpressobr.com.br\/index.php?rest_route=%2Fwp%2Fv2%2Ftags&post=3019"}],"curies":[{"name":"wp","href":"https:\/\/api.w.org\/{rel}","templated":true}]}}