{"id":302,"date":"2025-12-03T13:08:33","date_gmt":"2025-12-03T16:08:33","guid":{"rendered":"https:\/\/oexpressobr.com.br\/?p=302"},"modified":"2025-12-03T13:08:34","modified_gmt":"2025-12-03T16:08:34","slug":"presidente-da-alerj-rodrigo-bacellar-e-preso-pela-pf-por-suspeita-de-vazamento-em-investigacao","status":"publish","type":"post","link":"https:\/\/oexpressobr.com.br\/?p=302","title":{"rendered":"Presidente da Alerj, Rodrigo Bacellar, \u00e9 preso pela PF por suspeita de vazamento em investiga\u00e7\u00e3o"},"content":{"rendered":"\n<h2 class=\"wp-block-heading\">Pol\u00edcia Federal Prende Presidente da Alerj em Opera\u00e7\u00e3o Contra Vazamento<\/h2>\n\n\n\n<p class=\"wp-block-paragraph\">\u200bO presidente da Assembleia Legislativa do Rio de Janeiro (Alerj), deputado estadual <strong>Rodrigo Bacellar<\/strong> (Uni\u00e3o Brasil), foi preso na manh\u00e3 desta quarta-feira, 3 de dezembro, pela <strong>Pol\u00edcia Federal (PF)<\/strong>. A pris\u00e3o ocorreu durante a deflagra\u00e7\u00e3o da <strong>Opera\u00e7\u00e3o Unha e Carne<\/strong>, que visa combater a suposta atua\u00e7\u00e3o de agentes p\u00fablicos no vazamento de <strong>informa\u00e7\u00f5es sigilosas<\/strong> de investiga\u00e7\u00f5es.<\/p>\n\n\n\n<p class=\"wp-block-paragraph\">\u200bOs policiais federais cumpriram um <strong>mandado de pris\u00e3o preventiva<\/strong> contra o parlamentar, al\u00e9m de oito mandados de <strong>busca e apreens\u00e3o<\/strong> e um mandado de intima\u00e7\u00e3o para cumprimento de medidas cautelares diversas da pris\u00e3o. Todos os mandados foram expedidos pelo <strong>Supremo Tribunal Federal (STF)<\/strong>.<\/p>\n\n\n\n<p class=\"wp-block-paragraph\">\u200bA pris\u00e3o de Bacellar est\u00e1 diretamente ligada \u00e0 suspeita de que ele teria vazado dados da <strong>Opera\u00e7\u00e3o Zargun<\/strong>, que resultou na pris\u00e3o do ent\u00e3o deputado estadual <strong>TH Joias<\/strong> (ex-MDB) em setembro.<\/p>\n\n\n\n<h2 class=\"wp-block-heading\">\u200b Vazamento e Obstru\u00e7\u00e3o da Justi\u00e7a<\/h2>\n\n\n\n<p class=\"wp-block-paragraph\">\u200bDe acordo com a Pol\u00edcia Federal, a &#8220;atua\u00e7\u00e3o de agentes p\u00fablicos envolvidos no vazamento de informa\u00e7\u00f5es sigilosas culminou com a <strong>obstru\u00e7\u00e3o da investiga\u00e7\u00e3o<\/strong> realizada no \u00e2mbito da Opera\u00e7\u00e3o Zargun&#8221;.<\/p>\n\n\n\n<ul class=\"wp-block-list\">\n<li>\u200b<strong>Opera\u00e7\u00e3o Zargun:<\/strong> Levou \u00e0 pris\u00e3o de TH Joias por acusa\u00e7\u00f5es de tr\u00e1fico internacional de drogas, corrup\u00e7\u00e3o, lavagem de dinheiro e fornecimento de armas para a fac\u00e7\u00e3o criminosa <strong>Comando Vermelho (CV)<\/strong>. As investiga\u00e7\u00f5es apontam que TH Joias utilizava o mandato para favorecer o crime organizado.<\/li>\n\n\n\n<li>\u200b<strong>Decis\u00e3o do STF:<\/strong> A a\u00e7\u00e3o da PF se insere no contexto da decis\u00e3o do STF na <strong>ADPF 635\/RJ (ADPF das Favelas)<\/strong>, que determinou \u00e0 Pol\u00edcia Federal a investiga\u00e7\u00e3o da atua\u00e7\u00e3o de grupos criminosos violentos no estado e suas conex\u00f5es com <strong>agentes p\u00fablicos<\/strong>.<\/li>\n<\/ul>\n\n\n\n<p class=\"wp-block-paragraph\">\u200bA suspeita de vazamento foi levantada ap\u00f3s ind\u00edcios de tentativa de fuga e destrui\u00e7\u00e3o de provas identificados no dia da Opera\u00e7\u00e3o Zargun. A PF alega que o vazamento foi crucial para atrapalhar o andamento das apura\u00e7\u00f5es.<\/p>\n\n\n\n<h2 class=\"wp-block-heading\">\u200b Buscas na Alerj e Apartamento do Presidente<\/h2>\n\n\n\n<p class=\"wp-block-paragraph\">\u200bConforme o relato inicial, a pris\u00e3o de Bacellar ocorreu <strong>dentro de seu gabinete na Alerj<\/strong>. Policiais federais seguem na Assembleia Legislativa cumprindo os mandados de busca e apreens\u00e3o de provas que possam corroborar a investiga\u00e7\u00e3o.<\/p>\n\n\n\n<p class=\"wp-block-paragraph\">\u200bAl\u00e9m do gabinete, os agentes tamb\u00e9m se dirigiram ao <strong>apartamento<\/strong> de Rodrigo Bacellar, no bairro de Botafogo, na Zona Sul do Rio de Janeiro, para dar continuidade \u00e0s dilig\u00eancias.<\/p>\n\n\n\n<p class=\"wp-block-paragraph\">\u200bAt\u00e9 o momento, a defesa de Rodrigo Bacellar e a Assembleia Legislativa do Rio de Janeiro n\u00e3o se manifestaram oficialmente sobre a pris\u00e3o e as acusa\u00e7\u00f5es. O desdobramento do caso \u00e9 aguardado com expectativa no cen\u00e1rio pol\u00edtico fluminense.<\/p>\n","protected":false},"excerpt":{"rendered":"<p>Pol\u00edcia Federal Prende Presidente da Alerj em Opera\u00e7\u00e3o Contra Vazamento \u200bO presidente da Assembleia Legislativa do Rio de Janeiro (Alerj), deputado estadual Rodrigo Bacellar (Uni\u00e3o [&#8230;]<\/p>\n","protected":false},"author":1,"featured_media":303,"comment_status":"open","ping_status":"open","sticky":false,"template":"","format":"standard","meta":{"_crdt_document":"","_jetpack_memberships_contains_paid_content":false,"footnotes":"","jetpack_publicize_message":"","jetpack_publicize_feature_enabled":true,"jetpack_social_post_already_shared":false,"jetpack_social_options":{"image_generator_settings":{"template":"highway","default_image_id":0,"font":"","enabled":false},"version":2}},"categories":[9],"tags":[],"class_list":["post-302","post","type-post","status-publish","format-standard","has-post-thumbnail","hentry","category-policia"],"jetpack_publicize_connections":[],"jetpack_featured_media_url":"https:\/\/i0.wp.com\/oexpressobr.com.br\/wp-content\/uploads\/2025\/12\/WhatsApp-Image-2025-09-03-at-12.18.51-1.jpeg?fit=414%2C280&ssl=1","jetpack_likes_enabled":true,"jetpack_sharing_enabled":true,"_links":{"self":[{"href":"https:\/\/oexpressobr.com.br\/index.php?rest_route=\/wp\/v2\/posts\/302","targetHints":{"allow":["GET"]}}],"collection":[{"href":"https:\/\/oexpressobr.com.br\/index.php?rest_route=\/wp\/v2\/posts"}],"about":[{"href":"https:\/\/oexpressobr.com.br\/index.php?rest_route=\/wp\/v2\/types\/post"}],"author":[{"embeddable":true,"href":"https:\/\/oexpressobr.com.br\/index.php?rest_route=\/wp\/v2\/users\/1"}],"replies":[{"embeddable":true,"href":"https:\/\/oexpressobr.com.br\/index.php?rest_route=%2Fwp%2Fv2%2Fcomments&post=302"}],"version-history":[{"count":0,"href":"https:\/\/oexpressobr.com.br\/index.php?rest_route=\/wp\/v2\/posts\/302\/revisions"}],"wp:featuredmedia":[{"embeddable":true,"href":"https:\/\/oexpressobr.com.br\/index.php?rest_route=\/wp\/v2\/media\/303"}],"wp:attachment":[{"href":"https:\/\/oexpressobr.com.br\/index.php?rest_route=%2Fwp%2Fv2%2Fmedia&parent=302"}],"wp:term":[{"taxonomy":"category","embeddable":true,"href":"https:\/\/oexpressobr.com.br\/index.php?rest_route=%2Fwp%2Fv2%2Fcategories&post=302"},{"taxonomy":"post_tag","embeddable":true,"href":"https:\/\/oexpressobr.com.br\/index.php?rest_route=%2Fwp%2Fv2%2Ftags&post=302"}],"curies":[{"name":"wp","href":"https:\/\/api.w.org\/{rel}","templated":true}]}}