{"id":3026,"date":"2026-02-02T00:58:32","date_gmt":"2026-02-02T03:58:32","guid":{"rendered":"https:\/\/oexpressobr.com.br\/?p=3026"},"modified":"2026-02-02T00:58:33","modified_gmt":"2026-02-02T03:58:33","slug":"menino-brenno-e-medicos-de-ribeirao-preto-celebram-recuperacao-milagrosa-apos-queda-de-30-metros","status":"publish","type":"post","link":"https:\/\/oexpressobr.com.br\/?p=3026","title":{"rendered":"Menino Brenno e m\u00e9dicos de Ribeir\u00e3o Preto celebram recupera\u00e7\u00e3o &#8220;milagrosa&#8221; ap\u00f3s queda de 30 metros"},"content":{"rendered":"\n<p class=\"wp-block-paragraph\">\u200bO caso do pequeno <strong>Brenno Fernandes Girdziauckas<\/strong>, de 4 anos, que sobreviveu a uma queda do 10\u00ba andar de um edif\u00edcio no Centro de <strong>Ribeir\u00e3o Preto (SP)<\/strong>, continua a intrigar a comunidade m\u00e9dica e a emocionar o pa\u00eds. O acidente ocorreu no final de dezembro de 2025, e as atualiza\u00e7\u00f5es mais recentes de janeiro de 2026 trazem um desfecho de supera\u00e7\u00e3o: o menino j\u00e1 recebeu alta e apresenta uma evolu\u00e7\u00e3o considerada extraordin\u00e1ria.<\/p>\n\n\n\n<h3 class=\"wp-block-heading\">\u200bOs fatores que permitiram a sobreviv\u00eancia<\/h3>\n\n\n\n<p class=\"wp-block-paragraph\">\u200bEmbora a ci\u00eancia tenha dificuldade em explicar como um impacto de uma altura de aproximadamente <strong>30 metros<\/strong> n\u00e3o foi fatal, especialistas e a per\u00edcia apontam elementos cruciais que ajudaram a preservar a vida de Brenno:<\/p>\n\n\n\n<ul class=\"wp-block-list\">\n<li>\u200b<strong>Obst\u00e1culos no percurso:<\/strong> Durante a queda, o menino atingiu uma janela de vidro no 8\u00ba andar e um corrim\u00e3o da \u00e1rea comum antes de chegar ao solo. Segundo a pol\u00edcia, esses choques podem ter reduzido a velocidade final do impacto.<\/li>\n\n\n\n<li>\u200b<strong>Agilidade no socorro:<\/strong> A fam\u00edlia reside a apenas um quarteir\u00e3o do <strong>Hospital das Cl\u00ednicas (Unidade de Emerg\u00eancia)<\/strong>. O atendimento multidisciplinar imediato foi fundamental para estabilizar o quadro de politraumatismo.<\/li>\n\n\n\n<li>\u200b<strong>Din\u00e2mica do impacto:<\/strong> M\u00e9dicos destacam que a aus\u00eancia de trauma craniano grave ou les\u00f5es em \u00f3rg\u00e3os vitais \u2014 algo rar\u00edssimo em quedas dessa magnitude \u2014 foi decisiva. O foco das les\u00f5es concentrou-se nos membros inferiores (fratura bilateral de f\u00eamur).<\/li>\n<\/ul>\n\n\n\n<h3 class=\"wp-block-heading\">\u200bRecupera\u00e7\u00e3o e alta hospitalar<\/h3>\n\n\n\n<p class=\"wp-block-paragraph\">\u200bAp\u00f3s passar por <strong>tr\u00eas cirurgias<\/strong> complexas para a reconstru\u00e7\u00e3o dos ossos das pernas, Brenno recebeu alta no dia <strong>18 de janeiro de 2026<\/strong>. O ortopedista <strong>Pedro Henrique<\/strong>, que acompanhou o caso, classificou a recupera\u00e7\u00e3o como um &#8220;milagre&#8221;, destacando que, apesar de a ci\u00eancia explicar a possibilidade de sobreviv\u00eancia, a evolu\u00e7\u00e3o r\u00e1pida e a tranquilidade da crian\u00e7a foram pontos fora da curva.<\/p>\n\n\n\n<blockquote class=\"wp-block-quote is-layout-flow wp-block-quote-is-layout-flow\">\n<p class=\"wp-block-paragraph\">\u200b&#8221;\u00c9 um trauma de &#8216;alta energia&#8217;. A gente anda junto com a ci\u00eancia e sabe que \u00e9 poss\u00edvel, mas n\u00e3o \u00e9 comum. Para quem acredita, ele teve uma ajuda do anjinho da guarda&#8221;, afirmou o m\u00e9dico \u00e0 imprensa local.<\/p>\n<\/blockquote>\n\n\n\n<p class=\"wp-block-paragraph\">O epis\u00f3dio reacendeu o debate sobre a seguran\u00e7a em condom\u00ednios, especialmente para crian\u00e7as com <strong>Transtorno do Espectro Autista (TEA)<\/strong>, como Brenno, que podem n\u00e3o perceber riscos iminentes. A Pol\u00edcia Civil registrou o caso como queda acidental.<\/p>\n","protected":false},"excerpt":{"rendered":"<p>\u200bO caso do pequeno Brenno Fernandes Girdziauckas, de 4 anos, que sobreviveu a uma queda do 10\u00ba andar de um edif\u00edcio no Centro de Ribeir\u00e3o [&#8230;]<\/p>\n","protected":false},"author":1,"featured_media":3027,"comment_status":"open","ping_status":"open","sticky":false,"template":"","format":"standard","meta":{"_crdt_document":"","_jetpack_memberships_contains_paid_content":false,"footnotes":"","jetpack_publicize_message":"","jetpack_publicize_feature_enabled":true,"jetpack_social_post_already_shared":true,"jetpack_social_options":{"image_generator_settings":{"template":"highway","default_image_id":0,"font":"","enabled":false},"version":2}},"categories":[3],"tags":[],"class_list":["post-3026","post","type-post","status-publish","format-standard","has-post-thumbnail","hentry","category-brasil"],"jetpack_publicize_connections":[],"jetpack_featured_media_url":"https:\/\/i0.wp.com\/oexpressobr.com.br\/wp-content\/uploads\/2026\/02\/IMG-20260202-WA0094.jpg?fit=1280%2C720&ssl=1","jetpack_likes_enabled":true,"jetpack_sharing_enabled":true,"_links":{"self":[{"href":"https:\/\/oexpressobr.com.br\/index.php?rest_route=\/wp\/v2\/posts\/3026","targetHints":{"allow":["GET"]}}],"collection":[{"href":"https:\/\/oexpressobr.com.br\/index.php?rest_route=\/wp\/v2\/posts"}],"about":[{"href":"https:\/\/oexpressobr.com.br\/index.php?rest_route=\/wp\/v2\/types\/post"}],"author":[{"embeddable":true,"href":"https:\/\/oexpressobr.com.br\/index.php?rest_route=\/wp\/v2\/users\/1"}],"replies":[{"embeddable":true,"href":"https:\/\/oexpressobr.com.br\/index.php?rest_route=%2Fwp%2Fv2%2Fcomments&post=3026"}],"version-history":[{"count":1,"href":"https:\/\/oexpressobr.com.br\/index.php?rest_route=\/wp\/v2\/posts\/3026\/revisions"}],"predecessor-version":[{"id":3028,"href":"https:\/\/oexpressobr.com.br\/index.php?rest_route=\/wp\/v2\/posts\/3026\/revisions\/3028"}],"wp:featuredmedia":[{"embeddable":true,"href":"https:\/\/oexpressobr.com.br\/index.php?rest_route=\/wp\/v2\/media\/3027"}],"wp:attachment":[{"href":"https:\/\/oexpressobr.com.br\/index.php?rest_route=%2Fwp%2Fv2%2Fmedia&parent=3026"}],"wp:term":[{"taxonomy":"category","embeddable":true,"href":"https:\/\/oexpressobr.com.br\/index.php?rest_route=%2Fwp%2Fv2%2Fcategories&post=3026"},{"taxonomy":"post_tag","embeddable":true,"href":"https:\/\/oexpressobr.com.br\/index.php?rest_route=%2Fwp%2Fv2%2Ftags&post=3026"}],"curies":[{"name":"wp","href":"https:\/\/api.w.org\/{rel}","templated":true}]}}