{"id":3029,"date":"2026-02-02T01:03:04","date_gmt":"2026-02-02T04:03:04","guid":{"rendered":"https:\/\/oexpressobr.com.br\/?p=3029"},"modified":"2026-02-02T01:03:05","modified_gmt":"2026-02-02T04:03:05","slug":"estacio-de-sa-homenageia-tata-tancredo-o-papa-negro-que-criou-o-reveillon-branco-de-copacabana","status":"publish","type":"post","link":"https:\/\/oexpressobr.com.br\/?p=3029","title":{"rendered":"EST\u00c1CIO DE S\u00c1 HOMENAGEIA Tata Tancredo, o &#8220;Papa Negro&#8221; que criou o R\u00e9veillon branco de Copacabana"},"content":{"rendered":"\n<p class=\"wp-block-paragraph\">O Carnaval de 2026 na Marqu\u00eas de Sapuca\u00ed ser\u00e1 palco de uma repara\u00e7\u00e3o hist\u00f3rica e espiritual. A <strong>Est\u00e1cio de S\u00e1<\/strong>, uma das escolas mais tradicionais do Rio, anunciou que levar\u00e1 para a avenida o enredo <em>&#8220;Tata Tancredo \u2013 O Papa Negro no Terreiro do Est\u00e1cio&#8221;<\/em>. A homenagem resgata a vida de Tancredo da Silva Pinto (1904-1979), o homem que transformou a paisagem cultural do Brasil ao idealizar as celebra\u00e7\u00f5es de Iemanj\u00e1 e o uso de roupas brancas no R\u00e9veillon de Copacabana.<\/p>\n\n\n\n<h3 class=\"wp-block-heading\">\u200bO arquiteto da f\u00e9 e do branco<\/h3>\n\n\n\n<p class=\"wp-block-paragraph\">\u200bEmbora hoje o R\u00e9veillon do Rio seja um evento global e registrado pelo <em>Guinness World Records<\/em>, poucos sabem que sua identidade visual e ritual\u00edstica nasceu das m\u00e3os de Tata Tancredo. L\u00edder da Umbanda Omoloc\u00f4, ele foi o respons\u00e1vel por incentivar os fi\u00e9is a levarem oferendas ao mar e a vestirem branco como forma de sauda\u00e7\u00e3o a Iemanj\u00e1 na virada do ano. O que come\u00e7ou como um rito religioso de matriz africana, em meados do s\u00e9culo XX, tornou-se a marca registrada da maior festa de rua do planeta.<\/p>\n\n\n\n<h3 class=\"wp-block-heading\">\u200bAl\u00e9m do terreiro: samba e pol\u00edtica<\/h3>\n\n\n\n<p class=\"wp-block-paragraph\">\u200bO enredo da Est\u00e1cio de S\u00e1, assinado pelo carnavalesco <strong>Marcus Paulo<\/strong>, destaca que Tancredo n\u00e3o era apenas um sacerdote, mas um pilar do samba carioca. Ele foi um dos fundadores da Uni\u00e3o das Escolas de Samba e compositor de sucessos memor\u00e1veis, como a marcha <em>&#8220;General da Banda&#8221;<\/em>, eternizada na voz de Blecaute e regravada por nomes como Elis Regina.<\/p>\n\n\n\n<p class=\"wp-block-paragraph\">\u200b&#8221;Ele \u00e9 uma figura que ainda ronda o Morro de S\u00e3o Carlos. Os moradores falam dele como se estivesse vivo, como um amigo pr\u00f3ximo&#8221;, afirmou o carnavalesco Marcus Paulo em entrevistas recentes. Tancredo viveu e morreu no Est\u00e1cio, refor\u00e7ando o la\u00e7o umbilical entre a escola de samba e o &#8220;Papa Negro&#8221;.<\/p>\n\n\n\n<h3 class=\"wp-block-heading\">\u200bNovidades e reconhecimento oficial<\/h3>\n\n\n\n<p class=\"wp-block-paragraph\">\u200bA homenagem da Est\u00e1cio de S\u00e1 em 2026 ganha ainda mais relev\u00e2ncia diante de movimenta\u00e7\u00f5es recentes na cidade:<\/p>\n\n\n\n<ul class=\"wp-block-list\">\n<li>\u200b<strong>Monumento Hist\u00f3rico:<\/strong> O prefeito do Rio de Janeiro, Eduardo Paes, anunciou recentemente a inten\u00e7\u00e3o de erguer uma est\u00e1tua em homenagem a Tata Tancredo, reconhecendo sua contribui\u00e7\u00e3o para o patrim\u00f4nio imaterial da cidade e sua luta contra a intoler\u00e2ncia religiosa.<\/li>\n\n\n\n<li>\u200b<strong>Resgate da Umbanda Omoloc\u00f4:<\/strong> O desfile promete ser um manifesto contra o apagamento das ra\u00edzes africanas na Umbanda. Tancredo foi um cr\u00edtico ferrenho da &#8220;desafricaniza\u00e7\u00e3o&#8221; da religi\u00e3o, defendendo sempre o uso dos atabaques e o respeito aos fundamentos ancestrais.<\/li>\n<\/ul>\n\n\n\n<h3 class=\"wp-block-heading\">\u200bO desfile<\/h3>\n\n\n\n<p class=\"wp-block-paragraph\">\u200bA Est\u00e1cio de S\u00e1 ser\u00e1 a quinta escola a desfilar no s\u00e1bado de Carnaval pela <strong>S\u00e9rie Ouro<\/strong>. Com o samba-enredo j\u00e1 aclamado pela cr\u00edtica \u2014 que conta com compositores de peso como <strong>Luiz Antonio Simas<\/strong> e <strong>Cl\u00e1udio Russo<\/strong> \u2014, a escola pretende transformar a Sapuca\u00ed em um imenso terreiro, celebrando o homem que ensinou o mundo a saudar o ano novo com paz, ax\u00e9 e a pureza do branco.<\/p>\n","protected":false},"excerpt":{"rendered":"<p>O Carnaval de 2026 na Marqu\u00eas de Sapuca\u00ed ser\u00e1 palco de uma repara\u00e7\u00e3o hist\u00f3rica e espiritual. A Est\u00e1cio de S\u00e1, uma das escolas mais tradicionais [&#8230;]<\/p>\n","protected":false},"author":1,"featured_media":3030,"comment_status":"open","ping_status":"open","sticky":false,"template":"","format":"standard","meta":{"_crdt_document":"","_jetpack_memberships_contains_paid_content":false,"footnotes":"","jetpack_publicize_message":"","jetpack_publicize_feature_enabled":true,"jetpack_social_post_already_shared":true,"jetpack_social_options":{"image_generator_settings":{"template":"highway","default_image_id":0,"font":"","enabled":false},"version":2}},"categories":[33],"tags":[],"class_list":["post-3029","post","type-post","status-publish","format-standard","has-post-thumbnail","hentry","category-curiosidade"],"jetpack_publicize_connections":[],"jetpack_featured_media_url":"https:\/\/i0.wp.com\/oexpressobr.com.br\/wp-content\/uploads\/2026\/02\/IMG-20260202-WA0095.jpg?fit=1080%2C1080&ssl=1","jetpack_likes_enabled":true,"jetpack_sharing_enabled":true,"_links":{"self":[{"href":"https:\/\/oexpressobr.com.br\/index.php?rest_route=\/wp\/v2\/posts\/3029","targetHints":{"allow":["GET"]}}],"collection":[{"href":"https:\/\/oexpressobr.com.br\/index.php?rest_route=\/wp\/v2\/posts"}],"about":[{"href":"https:\/\/oexpressobr.com.br\/index.php?rest_route=\/wp\/v2\/types\/post"}],"author":[{"embeddable":true,"href":"https:\/\/oexpressobr.com.br\/index.php?rest_route=\/wp\/v2\/users\/1"}],"replies":[{"embeddable":true,"href":"https:\/\/oexpressobr.com.br\/index.php?rest_route=%2Fwp%2Fv2%2Fcomments&post=3029"}],"version-history":[{"count":1,"href":"https:\/\/oexpressobr.com.br\/index.php?rest_route=\/wp\/v2\/posts\/3029\/revisions"}],"predecessor-version":[{"id":3031,"href":"https:\/\/oexpressobr.com.br\/index.php?rest_route=\/wp\/v2\/posts\/3029\/revisions\/3031"}],"wp:featuredmedia":[{"embeddable":true,"href":"https:\/\/oexpressobr.com.br\/index.php?rest_route=\/wp\/v2\/media\/3030"}],"wp:attachment":[{"href":"https:\/\/oexpressobr.com.br\/index.php?rest_route=%2Fwp%2Fv2%2Fmedia&parent=3029"}],"wp:term":[{"taxonomy":"category","embeddable":true,"href":"https:\/\/oexpressobr.com.br\/index.php?rest_route=%2Fwp%2Fv2%2Fcategories&post=3029"},{"taxonomy":"post_tag","embeddable":true,"href":"https:\/\/oexpressobr.com.br\/index.php?rest_route=%2Fwp%2Fv2%2Ftags&post=3029"}],"curies":[{"name":"wp","href":"https:\/\/api.w.org\/{rel}","templated":true}]}}