{"id":3037,"date":"2026-02-02T01:17:49","date_gmt":"2026-02-02T04:17:49","guid":{"rendered":"https:\/\/oexpressobr.com.br\/?p=3037"},"modified":"2026-02-02T01:17:50","modified_gmt":"2026-02-02T04:17:50","slug":"ciencia-e-medicina-desvendam-os-misterios-da-enxaqueca-e-trazem-novas-esperancas-de-cura","status":"publish","type":"post","link":"https:\/\/oexpressobr.com.br\/?p=3037","title":{"rendered":"Ci\u00eancia e medicina desvendam os mist\u00e9rios da enxaqueca e trazem novas esperan\u00e7as de cura"},"content":{"rendered":"\n<p class=\"wp-block-paragraph\">\u200bA enxaqueca \u00e9 muito mais do que uma simples dor de cabe\u00e7a. Considerada a segunda maior causa de incapacidade no mundo pela Organiza\u00e7\u00e3o Mundial da Sa\u00fade (OMS), ela afeta cerca de 1 bilh\u00e3o de pessoas globalmente. No Brasil, os \u00edndices s\u00e3o alarmantes, com estudos indicando que o pa\u00eds possui uma das maiores taxas de pacientes incapacitados pela doen\u00e7a.<\/p>\n\n\n\n<p class=\"wp-block-paragraph\">\u200bApesar de ser um problema antigo, a ci\u00eancia deu passos largos entre 2024 e 2025 para decifrar o que realmente acontece no c\u00e9rebro durante uma crise.<\/p>\n\n\n\n<h3 class=\"wp-block-heading\">\u200bAs verdadeiras causas: O &#8220;atalho&#8221; da dor no c\u00e9rebro<\/h3>\n\n\n\n<p class=\"wp-block-paragraph\">\u200bAt\u00e9 recentemente, os m\u00e9dicos sabiam que o c\u00e9rebro em si n\u00e3o possui neur\u00f4nios sens\u00edveis \u00e0 dor. O mist\u00e9rio era como o sinal de dor chegava ao sistema nervoso perif\u00e9rico. Um estudo revolucion\u00e1rio da <strong>Universidade de Copenhague<\/strong>, publicado recentemente, identificou que o <strong>l\u00edquido cefalorraquidiano<\/strong> (o fluido que banha o c\u00e9rebro) carrega prote\u00ednas diretamente para o g\u00e2nglio trig\u00eameo, um centro nervoso crucial na face e na cabe\u00e7a.<\/p>\n\n\n\n<p class=\"wp-block-paragraph\">\u200bOs pesquisadores descobriram que, durante a &#8220;aura&#8221; (aqueles flashes de luz que antecedem a dor), o c\u00e9rebro libera subst\u00e2ncias qu\u00edmicas que &#8220;vazam&#8221; atrav\u00e9s de uma lacuna nas camadas protetoras do g\u00e2nglio trig\u00eameo. Esse contato direto ativa os nervos sensoriais, disparando a dor intensa.<\/p>\n\n\n\n<p class=\"wp-block-paragraph\">\u200bAl\u00e9m disso, estudos gen\u00e9ticos da <strong>deCODE Genetics<\/strong>, na Isl\u00e2ndia, analisaram dados de 1,3 milh\u00e3o de pessoas e identificaram <strong>44 variantes gen\u00e9ticas<\/strong> ligadas \u00e0 enxaqueca, revelando que a doen\u00e7a pode ser herdada e ter diferentes &#8220;assinaturas&#8221; biol\u00f3gicas em cada paciente.<\/p>\n\n\n\n<h3 class=\"wp-block-heading\">\u200bSolu\u00e7\u00f5es modernas: A era dos anticorpos monoclonais<\/h3>\n\n\n\n<p class=\"wp-block-paragraph\">\u200bSe no passado o tratamento era baseado em &#8220;tentativa e erro&#8221; com rem\u00e9dios para epilepsia ou press\u00e3o alta, hoje vivemos a era da medicina de precis\u00e3o:<\/p>\n\n\n\n<ol class=\"wp-block-list\">\n<li>\u200b<strong>Anticorpos Monoclonais (Anti-CGRP):<\/strong> Medicamentos como o <strong>Erenumabe<\/strong> e o <strong>Galcanezumabe<\/strong> foram desenvolvidos especificamente para bloquear a prote\u00edna CGRP, um dos principais gatilhos da dor. Eles s\u00e3o aplicados via inje\u00e7\u00e3o mensal e t\u00eam transformado a vida de quem sofre de enxaqueca cr\u00f4nica.<\/li>\n\n\n\n<li>\u200b<strong>Gefantes e Dit\u00e3s:<\/strong> Novas classes de comprimidos (como o <strong>Rimegepant<\/strong>) atuam diretamente nos receptores de dor sem causar a constri\u00e7\u00e3o dos vasos sangu\u00edneos, sendo uma alternativa segura para quem n\u00e3o pode usar os antigos &#8220;triptanos&#8221;.<\/li>\n\n\n\n<li>\u200b<strong>Tecnologia e Estilo de Vida:<\/strong> Dispositivos de neuromodula\u00e7\u00e3o (que usam est\u00edmulos el\u00e9tricos suaves) e o monitoramento via aplicativos ajudam a identificar gatilhos como sono irregular, jejum prolongado e o temido <strong>uso excessivo de analg\u00e9sicos<\/strong>, que, segundo novas pesquisas, pode &#8220;reconfigurar&#8221; o c\u00e9rebro e tornar a dor ainda mais frequente.<\/li>\n<\/ol>\n\n\n\n<h3 class=\"wp-block-heading\">\u200bO futuro do tratamento<\/h3>\n\n\n\n<p class=\"wp-block-paragraph\">\u200bA descoberta de 12 novas prote\u00ednas sinalizadoras de dor abre caminho para que, nos pr\u00f3ximos anos, surjam rem\u00e9dios ainda mais eficazes e com menos efeitos colaterais. Para quem convive com a escurid\u00e3o e o sil\u00eancio for\u00e7ados pelas crises, a mensagem dos cientistas \u00e9 clara: a enxaqueca n\u00e3o \u00e9 mais um mist\u00e9rio sem solu\u00e7\u00e3o, mas uma condi\u00e7\u00e3o neurol\u00f3gica trat\u00e1vel e cada vez mais compreendida.<\/p>\n","protected":false},"excerpt":{"rendered":"<p>\u200bA enxaqueca \u00e9 muito mais do que uma simples dor de cabe\u00e7a. Considerada a segunda maior causa de incapacidade no mundo pela Organiza\u00e7\u00e3o Mundial da [&#8230;]<\/p>\n","protected":false},"author":1,"featured_media":3038,"comment_status":"open","ping_status":"open","sticky":false,"template":"","format":"standard","meta":{"_crdt_document":"","_jetpack_memberships_contains_paid_content":false,"footnotes":"","jetpack_publicize_message":"","jetpack_publicize_feature_enabled":true,"jetpack_social_post_already_shared":true,"jetpack_social_options":{"image_generator_settings":{"template":"highway","default_image_id":0,"font":"","enabled":false},"version":2}},"categories":[18],"tags":[],"class_list":["post-3037","post","type-post","status-publish","format-standard","has-post-thumbnail","hentry","category-saude"],"jetpack_publicize_connections":[],"jetpack_featured_media_url":"https:\/\/i0.wp.com\/oexpressobr.com.br\/wp-content\/uploads\/2026\/02\/aed5f920-fca4-11f0-901a-7136c00da938.jpg.webp?fit=800%2C449&ssl=1","jetpack_likes_enabled":true,"jetpack_sharing_enabled":true,"_links":{"self":[{"href":"https:\/\/oexpressobr.com.br\/index.php?rest_route=\/wp\/v2\/posts\/3037","targetHints":{"allow":["GET"]}}],"collection":[{"href":"https:\/\/oexpressobr.com.br\/index.php?rest_route=\/wp\/v2\/posts"}],"about":[{"href":"https:\/\/oexpressobr.com.br\/index.php?rest_route=\/wp\/v2\/types\/post"}],"author":[{"embeddable":true,"href":"https:\/\/oexpressobr.com.br\/index.php?rest_route=\/wp\/v2\/users\/1"}],"replies":[{"embeddable":true,"href":"https:\/\/oexpressobr.com.br\/index.php?rest_route=%2Fwp%2Fv2%2Fcomments&post=3037"}],"version-history":[{"count":1,"href":"https:\/\/oexpressobr.com.br\/index.php?rest_route=\/wp\/v2\/posts\/3037\/revisions"}],"predecessor-version":[{"id":3039,"href":"https:\/\/oexpressobr.com.br\/index.php?rest_route=\/wp\/v2\/posts\/3037\/revisions\/3039"}],"wp:featuredmedia":[{"embeddable":true,"href":"https:\/\/oexpressobr.com.br\/index.php?rest_route=\/wp\/v2\/media\/3038"}],"wp:attachment":[{"href":"https:\/\/oexpressobr.com.br\/index.php?rest_route=%2Fwp%2Fv2%2Fmedia&parent=3037"}],"wp:term":[{"taxonomy":"category","embeddable":true,"href":"https:\/\/oexpressobr.com.br\/index.php?rest_route=%2Fwp%2Fv2%2Fcategories&post=3037"},{"taxonomy":"post_tag","embeddable":true,"href":"https:\/\/oexpressobr.com.br\/index.php?rest_route=%2Fwp%2Fv2%2Ftags&post=3037"}],"curies":[{"name":"wp","href":"https:\/\/api.w.org\/{rel}","templated":true}]}}