{"id":3046,"date":"2026-02-02T01:33:42","date_gmt":"2026-02-02T04:33:42","guid":{"rendered":"https:\/\/oexpressobr.com.br\/?p=3046"},"modified":"2026-02-02T01:41:32","modified_gmt":"2026-02-02T04:41:32","slug":"gilmar-mendes-e-cupula-do-judiciario-confirmam-gilmarpalooza-2026-em-meio-a-crise-no-stf-e-escandalo-do-banco-master","status":"publish","type":"post","link":"https:\/\/oexpressobr.com.br\/?p=3046","title":{"rendered":"Gilmar Mendes e c\u00fapula do Judici\u00e1rio confirmam Gilmarpalooza 2026 em meio a crise no STF e esc\u00e2ndalo do Banco Master"},"content":{"rendered":"\n<p class=\"wp-block-paragraph\">Mesmo sob o fogo cruzado de novas crises institucionais e o avan\u00e7o de investiga\u00e7\u00f5es que atingem o cora\u00e7\u00e3o do Supremo Tribunal Federal (STF), a organiza\u00e7\u00e3o do <strong>XIV F\u00f3rum Jur\u00eddico de Lisboa<\/strong> \u2014 popularmente apelidado de <strong>&#8220;Gilmarpalooza&#8221;<\/strong> \u2014 confirmou a realiza\u00e7\u00e3o da edi\u00e7\u00e3o de 2026. O evento, que se tornou o epicentro do <em>networking<\/em> pol\u00edtico-jur\u00eddico brasileiro na Europa, ocorrer\u00e1 entre os dias <strong>1 e 3 de junho<\/strong>, mantendo a tradi\u00e7\u00e3o de reunir ministros, empres\u00e1rios e pol\u00edticos em Portugal.<\/p>\n\n\n\n<h3 class=\"wp-block-heading\">\u200bO contexto da crise: Caso Master e o racha no Supremo<\/h3>\n\n\n\n<p class=\"wp-block-paragraph\">\u200bA confirma\u00e7\u00e3o do evento acontece em um momento de extrema sensibilidade para o Judici\u00e1rio brasileiro. O in\u00edcio de 2026 tem sido marcado pelo desdobramento do <strong>&#8220;Caso Master&#8221;<\/strong>, um esc\u00e2ndalo de corrup\u00e7\u00e3o e fraude banc\u00e1ria que envolve suspeitas de interfer\u00eancia em decis\u00f5es do Banco Central e contratos at\u00edpicos.<\/p>\n\n\n\n<ul class=\"wp-block-list\">\n<li>\u200b<strong>Press\u00e3o sobre Dias Toffoli:<\/strong> O ministro \u00e9 relator de inqu\u00e9ritos que apuram irregularidades na compra do banco pelo BRB. A manuten\u00e7\u00e3o do caso sob sua relatoria tem sido alvo de cr\u00edticas acerbas e pedidos de suspei\u00e7\u00e3o.<\/li>\n\n\n\n<li>\u200b<strong>Resist\u00eancia ao C\u00f3digo de Conduta:<\/strong> Enquanto o ministro <strong>Edson Fachin<\/strong> tenta emplacar um novo c\u00f3digo de \u00e9tica para os magistrados \u2014 inspirado no modelo alem\u00e3o, que prev\u00ea transpar\u00eancia total em palestras e cach\u00eas \u2014, figuras centrais do &#8220;Gilmarpalooza&#8221;, como o pr\u00f3prio <strong>Gilmar Mendes<\/strong> e <strong>Alexandre de Moraes<\/strong>, t\u00eam se posicionado contra a proposta, aprofundando o racha interno na Corte.<\/li>\n<\/ul>\n\n\n\n<h3 class=\"wp-block-heading\">\u200bDetalhes e confirmados para 2026<\/h3>\n\n\n\n<p class=\"wp-block-paragraph\">\u200bApesar das cr\u00edticas sobre o custo das viagens (muitas vezes custeadas por cofres p\u00fablicos ou entidades privadas com interesses no Judici\u00e1rio), a lista de palestrantes para junho j\u00e1 ganha corpo. O tema central deste ano focar\u00e1 na <strong>&#8220;Governan\u00e7a Digital e Intelig\u00eancia Artificial&#8221;<\/strong>, buscando dar um tom acad\u00eamico ao encontro.<\/p>\n\n\n\n<h3 class=\"wp-block-heading\">Cr\u00edticas e o &#8220;Efeito Blindagem&#8221;<\/h3>\n\n\n\n<p class=\"wp-block-paragraph\">\u200bPara especialistas e cr\u00edticos do evento, o f\u00f3rum em Lisboa funciona como uma &#8220;bolha de desconex\u00e3o&#8221;. Enquanto Bras\u00edlia ferve com investiga\u00e7\u00f5es da Pol\u00edcia Federal sobre arapongagem e corrup\u00e7\u00e3o sist\u00eamica, o encontro em Portugal oferece um ambiente de confraterniza\u00e7\u00e3o longe do escrut\u00ednio direto da popula\u00e7\u00e3o brasileira.<\/p>\n\n\n\n<blockquote class=\"wp-block-quote is-layout-flow wp-block-quote-is-layout-flow\">\n<p class=\"wp-block-paragraph\">\u200b&#8221;As pessoas atravessam o oceano e parece que os problemas ficaram para tr\u00e1s&#8221;, ironizou um dos participantes de edi\u00e7\u00f5es anteriores em declara\u00e7\u00e3o recente \u00e0 imprensa.<\/p>\n<\/blockquote>\n\n\n\n<p class=\"wp-block-paragraph\">\u200bPor outro lado, o ministro Gilmar Mendes defende a idoneidade do f\u00f3rum, afirmando que o espa\u00e7o serve para o &#8220;aprimoramento democr\u00e1tico&#8221; e que as cr\u00edticas s\u00e3o fruto de &#8220;desinforma\u00e7\u00e3o&#8221;.<\/p>\n","protected":false},"excerpt":{"rendered":"<p>Mesmo sob o fogo cruzado de novas crises institucionais e o avan\u00e7o de investiga\u00e7\u00f5es que atingem o cora\u00e7\u00e3o do Supremo Tribunal Federal (STF), a organiza\u00e7\u00e3o [&#8230;]<\/p>\n","protected":false},"author":1,"featured_media":3052,"comment_status":"open","ping_status":"open","sticky":false,"template":"","format":"standard","meta":{"_crdt_document":"","_jetpack_memberships_contains_paid_content":false,"footnotes":"","jetpack_publicize_message":"","jetpack_publicize_feature_enabled":true,"jetpack_social_post_already_shared":true,"jetpack_social_options":{"image_generator_settings":{"template":"highway","default_image_id":0,"font":"","enabled":false},"version":2}},"categories":[8],"tags":[],"class_list":["post-3046","post","type-post","status-publish","format-standard","has-post-thumbnail","hentry","category-judiciario"],"jetpack_publicize_connections":[],"jetpack_featured_media_url":"https:\/\/i0.wp.com\/oexpressobr.com.br\/wp-content\/uploads\/2026\/02\/gilmar-mendes-19-nov-25-1-1.jpg.webp?fit=2400%2C1348&ssl=1","jetpack_likes_enabled":true,"jetpack_sharing_enabled":true,"_links":{"self":[{"href":"https:\/\/oexpressobr.com.br\/index.php?rest_route=\/wp\/v2\/posts\/3046","targetHints":{"allow":["GET"]}}],"collection":[{"href":"https:\/\/oexpressobr.com.br\/index.php?rest_route=\/wp\/v2\/posts"}],"about":[{"href":"https:\/\/oexpressobr.com.br\/index.php?rest_route=\/wp\/v2\/types\/post"}],"author":[{"embeddable":true,"href":"https:\/\/oexpressobr.com.br\/index.php?rest_route=\/wp\/v2\/users\/1"}],"replies":[{"embeddable":true,"href":"https:\/\/oexpressobr.com.br\/index.php?rest_route=%2Fwp%2Fv2%2Fcomments&post=3046"}],"version-history":[{"count":1,"href":"https:\/\/oexpressobr.com.br\/index.php?rest_route=\/wp\/v2\/posts\/3046\/revisions"}],"predecessor-version":[{"id":3048,"href":"https:\/\/oexpressobr.com.br\/index.php?rest_route=\/wp\/v2\/posts\/3046\/revisions\/3048"}],"wp:featuredmedia":[{"embeddable":true,"href":"https:\/\/oexpressobr.com.br\/index.php?rest_route=\/wp\/v2\/media\/3052"}],"wp:attachment":[{"href":"https:\/\/oexpressobr.com.br\/index.php?rest_route=%2Fwp%2Fv2%2Fmedia&parent=3046"}],"wp:term":[{"taxonomy":"category","embeddable":true,"href":"https:\/\/oexpressobr.com.br\/index.php?rest_route=%2Fwp%2Fv2%2Fcategories&post=3046"},{"taxonomy":"post_tag","embeddable":true,"href":"https:\/\/oexpressobr.com.br\/index.php?rest_route=%2Fwp%2Fv2%2Ftags&post=3046"}],"curies":[{"name":"wp","href":"https:\/\/api.w.org\/{rel}","templated":true}]}}