{"id":305,"date":"2025-12-03T13:45:19","date_gmt":"2025-12-03T16:45:19","guid":{"rendered":"https:\/\/oexpressobr.com.br\/?p=305"},"modified":"2025-12-03T13:45:20","modified_gmt":"2025-12-03T16:45:20","slug":"racha-na-familia-bolsonaro-e-movimento-de-kassab-expoem-desuniao-da-direita-rumo-a-2026","status":"publish","type":"post","link":"https:\/\/oexpressobr.com.br\/?p=305","title":{"rendered":"Racha na fam\u00edlia Bolsonaro e movimento de Kassab exp\u00f5em desuni\u00e3o da direita rumo a 2026"},"content":{"rendered":"\n<p class=\"wp-block-paragraph\">O campo da direita brasileira se encontra em um momento de profunda incerteza e fragmenta\u00e7\u00e3o, a menos de um ano das elei\u00e7\u00f5es presidenciais de 2026. Duas frentes de tens\u00e3o principais \u2013 as disputas internas na fam\u00edlia Bolsonaro e a movimenta\u00e7\u00e3o estrat\u00e9gica de l\u00edderes do Centr\u00e3o, como Gilberto Kassab (PSD) \u2013 sinalizam um cen\u00e1rio de desorganiza\u00e7\u00e3o que pode custar caro ao grupo na disputa pelo Pal\u00e1cio do Planalto.<\/p>\n\n\n\n<h3 class=\"wp-block-heading\">\u200b\ud83c\udfe0 Dissid\u00eancia no cl\u00e3 e o papel de Michelle<\/h3>\n\n\n\n<p class=\"wp-block-paragraph\">\u200bAs diverg\u00eancias pol\u00edticas, que agora se manifestam em conflitos familiares, tornaram-se p\u00fablicas ap\u00f3s a pris\u00e3o do ex-presidente Jair Bolsonaro. Segundo relatos, os filhos do ex-presidente \u2014 unidos ap\u00f3s a deten\u00e7\u00e3o do pai, apesar de animosidades passadas \u2014 teriam coordenado ataques \u00e0 ex-primeira-dama, Michelle Bolsonaro, em uma tentativa de manter o poder de decis\u00e3o sobre os rumos da direita.<\/p>\n\n\n\n<p class=\"wp-block-paragraph\">\u200bA ex-primeira-dama, por sua vez, tem afirmado a aliados, sob reserva, que toparia a vaga de vice em uma chapa presidencial, como forma de manter o legado bolsonarista. Analistas apontam que um &#8220;comando dividido&#8221; do movimento pode fragilizar a coes\u00e3o da base, enfraquecendo o bolsonarismo como for\u00e7a centralizadora da direita.<\/p>\n\n\n\n<h3 class=\"wp-block-heading\">\u200b\ud83c\udfaf Kassab e a &#8220;direita 2.0&#8221; buscam autonomia<\/h3>\n\n\n\n<p class=\"wp-block-paragraph\">\u200bParalelamente ao racha familiar, partidos de centro-direita com forte capilaridade regional, como PSD, PP e Uni\u00e3o Brasil, buscam se afastar da depend\u00eancia total do cl\u00e3 Bolsonaro e impulsionar candidaturas pr\u00f3prias ou apoios a nomes fora da fam\u00edlia. O governador de S\u00e3o Paulo, Tarc\u00edsio de Freitas (Republicanos), \u00e9 o nome mais forte nesse movimento, apelidado por bolsonaristas de \u201cDireita 2.0\u201d, que inclui outros governadores como Romeu Zema (Novo), Ronaldo Caiado (Uni\u00e3o Brasil) e Ratinho J\u00fanior (PSD).<\/p>\n\n\n\n<p class=\"wp-block-paragraph\">\u200bO presidente nacional do PSD, Gilberto Kassab, tem sido enf\u00e1tico ao declarar que seu partido apoiar\u00e1 Tarc\u00edsio, mas com uma ressalva importante. Em evento recente, Kassab declarou que Tarc\u00edsio &#8220;n\u00e3o pode se apresentar como bolsonarista. Ele tem que ser um l\u00edder acima de tudo&#8221;. A fala, com nuances parecidas no PP, refor\u00e7a a press\u00e3o para que o governador paulista adote um discurso mais ao centro, o que gera desconfian\u00e7a no c\u00edrculo mais pr\u00f3ximo de Bolsonaro.<\/p>\n\n\n\n<h3 class=\"wp-block-heading\">\u200b\ud83d\udd04 Indefini\u00e7\u00e3o favorece o governo<\/h3>\n\n\n\n<p class=\"wp-block-paragraph\">\u200bA inelegibilidade do ex-presidente Jair Bolsonaro, somada \u00e0 resist\u00eancia de siglas importantes ao nome de Fl\u00e1vio Bolsonaro e \u00e0 indefini\u00e7\u00e3o de Tarc\u00edsio de Freitas \u2014 que tem focado na reelei\u00e7\u00e3o, apesar das investidas do Centr\u00e3o \u2014 cria um v\u00e1cuo de lideran\u00e7a.<\/p>\n\n\n\n<p class=\"wp-block-paragraph\">\u200bEspecialistas em an\u00e1lise pol\u00edtica veem na demora e na fragmenta\u00e7\u00e3o da direita um &#8220;ativo&#8221; para o Pal\u00e1cio do Planalto. A aposta do governo \u00e9 que a perman\u00eancia de um sobrenome Bolsonaro na disputa, seja na cabe\u00e7a de chapa ou como vice, mant\u00e9m a polariza\u00e7\u00e3o, desfavorecendo o surgimento de uma terceira via coesa e refor\u00e7ando o antagonismo que impulsiona o lulismo.<\/p>\n\n\n\n<p class=\"wp-block-paragraph\">\u200bA direita, assim, se encontra em um dilema: insistir em um nome de confian\u00e7a do cl\u00e3 para preservar o bolsonarismo raiz, correndo o risco de dispers\u00e3o e perda de protagonismo; ou buscar a alforria em nomes como Tarc\u00edsio, que, para ganhar o centro, precisam se descolar de parte da ret\u00f3rica mais extremista, desafiando a lealdade do eleitorado mais fiel de Bolsonaro.<\/p>\n","protected":false},"excerpt":{"rendered":"<p>O campo da direita brasileira se encontra em um momento de profunda incerteza e fragmenta\u00e7\u00e3o, a menos de um ano das elei\u00e7\u00f5es presidenciais de 2026. [&#8230;]<\/p>\n","protected":false},"author":1,"featured_media":306,"comment_status":"open","ping_status":"open","sticky":false,"template":"","format":"standard","meta":{"_crdt_document":"","_jetpack_memberships_contains_paid_content":false,"footnotes":"","jetpack_publicize_message":"","jetpack_publicize_feature_enabled":true,"jetpack_social_post_already_shared":false,"jetpack_social_options":{"image_generator_settings":{"template":"highway","default_image_id":0,"font":"","enabled":false},"version":2}},"categories":[7],"tags":[],"class_list":["post-305","post","type-post","status-publish","format-standard","has-post-thumbnail","hentry","category-politica"],"jetpack_publicize_connections":[],"jetpack_featured_media_url":"https:\/\/i0.wp.com\/oexpressobr.com.br\/wp-content\/uploads\/2025\/12\/IMG-20251203-WA0174.jpg?fit=750%2C500&ssl=1","jetpack_likes_enabled":true,"jetpack_sharing_enabled":true,"_links":{"self":[{"href":"https:\/\/oexpressobr.com.br\/index.php?rest_route=\/wp\/v2\/posts\/305","targetHints":{"allow":["GET"]}}],"collection":[{"href":"https:\/\/oexpressobr.com.br\/index.php?rest_route=\/wp\/v2\/posts"}],"about":[{"href":"https:\/\/oexpressobr.com.br\/index.php?rest_route=\/wp\/v2\/types\/post"}],"author":[{"embeddable":true,"href":"https:\/\/oexpressobr.com.br\/index.php?rest_route=\/wp\/v2\/users\/1"}],"replies":[{"embeddable":true,"href":"https:\/\/oexpressobr.com.br\/index.php?rest_route=%2Fwp%2Fv2%2Fcomments&post=305"}],"version-history":[{"count":0,"href":"https:\/\/oexpressobr.com.br\/index.php?rest_route=\/wp\/v2\/posts\/305\/revisions"}],"wp:featuredmedia":[{"embeddable":true,"href":"https:\/\/oexpressobr.com.br\/index.php?rest_route=\/wp\/v2\/media\/306"}],"wp:attachment":[{"href":"https:\/\/oexpressobr.com.br\/index.php?rest_route=%2Fwp%2Fv2%2Fmedia&parent=305"}],"wp:term":[{"taxonomy":"category","embeddable":true,"href":"https:\/\/oexpressobr.com.br\/index.php?rest_route=%2Fwp%2Fv2%2Fcategories&post=305"},{"taxonomy":"post_tag","embeddable":true,"href":"https:\/\/oexpressobr.com.br\/index.php?rest_route=%2Fwp%2Fv2%2Ftags&post=305"}],"curies":[{"name":"wp","href":"https:\/\/api.w.org\/{rel}","templated":true}]}}