{"id":3059,"date":"2026-02-02T11:32:23","date_gmt":"2026-02-02T14:32:23","guid":{"rendered":"https:\/\/oexpressobr.com.br\/?p=3059"},"modified":"2026-02-02T11:32:24","modified_gmt":"2026-02-02T14:32:24","slug":"milagre-em-hospital-conceicao-acorda-de-coma-apos-11-dias-e-emociona-familia-com-sinal-para-o-filho","status":"publish","type":"post","link":"https:\/\/oexpressobr.com.br\/?p=3059","title":{"rendered":"Milagre em hospital: Concei\u00e7\u00e3o acorda de coma ap\u00f3s 11 dias e emociona fam\u00edlia com sinal para o filho"},"content":{"rendered":"\n<p class=\"wp-block-paragraph\">Uma hist\u00f3ria de resili\u00eancia e f\u00e9 tomou conta dos corredores hospitalares esta semana. <strong>Concei\u00e7\u00e3o<\/strong>, que enfrentava um quadro cl\u00ednico grav\u00edssimo, apresentou uma melhora surpreendente ap\u00f3s passar <strong>11 dias em coma profundo<\/strong>. O momento da &#8220;volta&#8221; foi marcado por um gesto simples, mas carregado de significado, que devolveu a esperan\u00e7a aos seus familiares.<\/p>\n\n\n\n<h3 class=\"wp-block-heading\">\u200bO momento da conex\u00e3o<\/h3>\n\n\n\n<p class=\"wp-block-paragraph\">\u200bDurante o per\u00edodo de interna\u00e7\u00e3o, a incerteza pairava sobre a recupera\u00e7\u00e3o de Concei\u00e7\u00e3o. O quadro de inconsci\u00eancia prolongada desafiava as expectativas m\u00e9dicas at\u00e9 que um est\u00edmulo familiar mudou o rumo da hist\u00f3ria.<\/p>\n\n\n\n<p class=\"wp-block-paragraph\">\u200bSeu filho, <strong>Moacyr Gomes Brito<\/strong>, mantinha a vig\u00edlia constante ao lado do leito. Em um momento de profunda emo\u00e7\u00e3o, ele fez um apelo direto \u00e0 m\u00e3e: pediu que ela <strong>mexesse a cabe\u00e7a<\/strong> caso estivesse ouvindo sua voz. Para a surpresa e al\u00edvio de todos, o comando foi atendido, registrando o primeiro sinal claro de consci\u00eancia desde o in\u00edcio do coma.<\/p>\n\n\n\n<h3 class=\"wp-block-heading\">\u200bO que dizem os especialistas<\/h3>\n\n\n\n<p class=\"wp-block-paragraph\">\u200bCasos como o de Concei\u00e7\u00e3o refor\u00e7am a import\u00e2ncia da <strong>estimula\u00e7\u00e3o afetiva<\/strong> em pacientes neurocr\u00edticos. Segundo estudos recentes na \u00e1rea de neurologia:<\/p>\n\n\n\n<ul class=\"wp-block-list\">\n<li>\u200bA audi\u00e7\u00e3o \u00e9 frequentemente um dos \u00faltimos sentidos a serem perdidos em estados de consci\u00eancia reduzida.<\/li>\n\n\n\n<li>\u200bVozes de familiares podem ativar \u00e1reas do c\u00e9rebro ligadas \u00e0 mem\u00f3ria e emo\u00e7\u00e3o, auxiliando no processo de despertar.<\/li>\n\n\n\n<li>\u200bA resposta a comandos motores simples \u00e9 o principal crit\u00e9rio para a transi\u00e7\u00e3o do estado vegetativo para o estado de consci\u00eancia m\u00ednima.<\/li>\n<\/ul>\n\n\n\n<h3 class=\"wp-block-heading\">\u200bPr\u00f3ximos passos na recupera\u00e7\u00e3o<\/h3>\n\n\n\n<p class=\"wp-block-paragraph\">\u200bApesar da vit\u00f3ria emocionante, a jornada de Concei\u00e7\u00e3o ainda requer cuidados. A equipe m\u00e9dica agora foca em:<\/p>\n\n\n\n<ol class=\"wp-block-list\">\n<li>\u200b<strong>Avalia\u00e7\u00e3o neurol\u00f3gica detalhada<\/strong> para medir a extens\u00e3o da consci\u00eancia.<\/li>\n\n\n\n<li>\u200b<strong>Fisioterapia motora e respirat\u00f3ria<\/strong> para reverter a atrofia do per\u00edodo de imobilidade.<\/li>\n\n\n\n<li>\u200b<strong>Desmame de aparelhos<\/strong>, caso a paciente ainda dependa de suporte vital.<\/li>\n<\/ol>\n\n\n\n<p class=\"wp-block-paragraph\">\u200bA fam\u00edlia celebra o &#8220;renascimento&#8221; e aguarda, com paci\u00eancia, as pr\u00f3ximas etapas de uma reabilita\u00e7\u00e3o que, segundo os m\u00e9dicos, deve ser gradual.<\/p>\n","protected":false},"excerpt":{"rendered":"<p>Uma hist\u00f3ria de resili\u00eancia e f\u00e9 tomou conta dos corredores hospitalares esta semana. Concei\u00e7\u00e3o, que enfrentava um quadro cl\u00ednico grav\u00edssimo, apresentou uma melhora surpreendente ap\u00f3s [&#8230;]<\/p>\n","protected":false},"author":1,"featured_media":3060,"comment_status":"open","ping_status":"open","sticky":false,"template":"","format":"standard","meta":{"_crdt_document":"","_jetpack_memberships_contains_paid_content":false,"footnotes":"","jetpack_publicize_message":"","jetpack_publicize_feature_enabled":true,"jetpack_social_post_already_shared":true,"jetpack_social_options":{"image_generator_settings":{"template":"highway","default_image_id":0,"font":"","enabled":false},"version":2}},"categories":[18],"tags":[],"class_list":["post-3059","post","type-post","status-publish","format-standard","has-post-thumbnail","hentry","category-saude"],"jetpack_publicize_connections":[],"jetpack_featured_media_url":"https:\/\/i0.wp.com\/oexpressobr.com.br\/wp-content\/uploads\/2026\/02\/alta-conceicao-1-.jpeg?fit=984%2C620&ssl=1","jetpack_likes_enabled":true,"jetpack_sharing_enabled":true,"_links":{"self":[{"href":"https:\/\/oexpressobr.com.br\/index.php?rest_route=\/wp\/v2\/posts\/3059","targetHints":{"allow":["GET"]}}],"collection":[{"href":"https:\/\/oexpressobr.com.br\/index.php?rest_route=\/wp\/v2\/posts"}],"about":[{"href":"https:\/\/oexpressobr.com.br\/index.php?rest_route=\/wp\/v2\/types\/post"}],"author":[{"embeddable":true,"href":"https:\/\/oexpressobr.com.br\/index.php?rest_route=\/wp\/v2\/users\/1"}],"replies":[{"embeddable":true,"href":"https:\/\/oexpressobr.com.br\/index.php?rest_route=%2Fwp%2Fv2%2Fcomments&post=3059"}],"version-history":[{"count":1,"href":"https:\/\/oexpressobr.com.br\/index.php?rest_route=\/wp\/v2\/posts\/3059\/revisions"}],"predecessor-version":[{"id":3061,"href":"https:\/\/oexpressobr.com.br\/index.php?rest_route=\/wp\/v2\/posts\/3059\/revisions\/3061"}],"wp:featuredmedia":[{"embeddable":true,"href":"https:\/\/oexpressobr.com.br\/index.php?rest_route=\/wp\/v2\/media\/3060"}],"wp:attachment":[{"href":"https:\/\/oexpressobr.com.br\/index.php?rest_route=%2Fwp%2Fv2%2Fmedia&parent=3059"}],"wp:term":[{"taxonomy":"category","embeddable":true,"href":"https:\/\/oexpressobr.com.br\/index.php?rest_route=%2Fwp%2Fv2%2Fcategories&post=3059"},{"taxonomy":"post_tag","embeddable":true,"href":"https:\/\/oexpressobr.com.br\/index.php?rest_route=%2Fwp%2Fv2%2Ftags&post=3059"}],"curies":[{"name":"wp","href":"https:\/\/api.w.org\/{rel}","templated":true}]}}