{"id":3074,"date":"2026-02-02T12:01:23","date_gmt":"2026-02-02T15:01:23","guid":{"rendered":"https:\/\/oexpressobr.com.br\/?p=3074"},"modified":"2026-02-02T12:01:24","modified_gmt":"2026-02-02T15:01:24","slug":"o-brasileiro-no-centro-do-escandalo-que-levou-peter-mandelson-a-renunciar-a-filiacao-ao-partido-trabalhista","status":"publish","type":"post","link":"https:\/\/oexpressobr.com.br\/?p=3074","title":{"rendered":"O brasileiro no centro do esc\u00e2ndalo que levou Peter Mandelson a renunciar \u00e0 filia\u00e7\u00e3o ao Partido Trabalhista"},"content":{"rendered":"\n<p class=\"wp-block-paragraph\">\u200bO cen\u00e1rio pol\u00edtico do Reino Unido foi abalado neste fim de semana pela ren\u00fancia de Lord Peter Mandelson, figura hist\u00f3rica do &#8220;New Labour&#8221; e ex-embaixador, que entregou sua filia\u00e7\u00e3o ao Partido Trabalhista na noite de domingo (01\/02). No centro da crise que pressiona o governo do primeiro-ministro Keir Starmer, est\u00e1 a rela\u00e7\u00e3o de Mandelson e de seu companheiro, o brasileiro Reinaldo Avila da Silva, com o falecido investidor e criminoso sexual Jeffrey Epstein.<\/p>\n\n\n\n<p class=\"wp-block-paragraph\">\u200bA sa\u00edda de Mandelson ocorre ap\u00f3s a divulga\u00e7\u00e3o maci\u00e7a de documentos pela Justi\u00e7a dos Estados Unidos na \u00faltima sexta-feira. Os arquivos, que somam milh\u00f5es de p\u00e1ginas, representam a maior abertura de dados relacionada ao caso Epstein desde que uma lei federal americana determinou a desclassifica\u00e7\u00e3o desses registros no ano passado.<\/p>\n\n\n\n<h3 class=\"wp-block-heading\">\u200bAs transfer\u00eancias banc\u00e1rias e o curso de osteopatia<\/h3>\n\n\n\n<p class=\"wp-block-paragraph\">\u200bOs documentos revelam detalhes financeiros que ligam diretamente o brasileiro Reinaldo Avila da Silva a Jeffrey Epstein. Segundo os registros, entre os anos de 2003 e 2004, Epstein teria realizado tr\u00eas pagamentos distintos de US$ 25 mil cada (aproximadamente R$ 130 mil em valores atuais) para Silva.<\/p>\n\n\n\n<p class=\"wp-block-paragraph\">\u200bAl\u00e9m dos pagamentos diretos, os arquivos indicam a exist\u00eancia de um empr\u00e9stimo concedido por Epstein ao brasileiro. O objetivo do montante seria custear os estudos de Reinaldo em um curso de osteopatia. Na \u00e9poca das transa\u00e7\u00f5es, Peter Mandelson ocupava cargos de alta relev\u00e2ncia, incluindo o de Comiss\u00e1rio Europeu para o Com\u00e9rcio, o que amplia as implica\u00e7\u00f5es \u00e9ticas sobre o recebimento de fundos de uma fonte como Epstein.<\/p>\n\n\n\n<h3 class=\"wp-block-heading\">\u200bPress\u00e3o pol\u00edtica sobre Keir Starmer<\/h3>\n\n\n\n<p class=\"wp-block-paragraph\">\u200bA ren\u00fancia de Mandelson ao partido \u00e9 vista como um movimento de &#8220;conten\u00e7\u00e3o de danos&#8221; para evitar que o esc\u00e2ndalo desgaste ainda mais a imagem do primeiro-ministro Keir Starmer. Mandelson vinha atuando como um conselheiro informal de peso na reestrutura\u00e7\u00e3o do partido e sua proximidade com o alto escal\u00e3o do governo tornou-se insustent\u00e1vel diante das novas revela\u00e7\u00f5es.<\/p>\n\n\n\n<p class=\"wp-block-paragraph\">\u200bEm comunicado oficial, o ex-embaixador afirmou que sua decis\u00e3o visa proteger a legenda e o governo, afirmando que n\u00e3o deseja &#8220;causar mais constrangimento&#8221; aos seus aliados pol\u00edticos por conta de suas associa\u00e7\u00f5es passadas.<\/p>\n\n\n\n<h3 class=\"wp-block-heading\">\u200bO &#8220;Livro Negro&#8221; e os novos desdobramentos<\/h3>\n\n\n\n<p class=\"wp-block-paragraph\">\u200bEmbora o nome de Mandelson j\u00e1 aparecesse no infame &#8220;livro negro&#8221; de endere\u00e7os de Epstein e sua presen\u00e7a na ilha particular do investidor fosse conhecida, a materialidade das transfer\u00eancias financeiras envolvendo seu parceiro brasileiro trouxe um novo patamar de gravidade ao caso.<\/p>\n\n\n\n<p class=\"wp-block-paragraph\">\u200bA divulga\u00e7\u00e3o dos documentos na sexta-feira \u00e9 apenas uma parte de um processo cont\u00ednuo de transpar\u00eancia exigido pelo Congresso dos EUA. Especialistas acreditam que novos detalhes sobre o fluxo de caixa de Epstein e sua rede de influ\u00eancia global ainda podem surgir nos pr\u00f3ximos dias, mantendo o governo brit\u00e2nico em alerta m\u00e1ximo sobre poss\u00edveis novas conex\u00f5es com figuras p\u00fablicas.<\/p>\n\n\n\n<p class=\"wp-block-paragraph\">\u200bAt\u00e9 o momento, Reinaldo Avila da Silva n\u00e3o se manifestou publicamente sobre o conte\u00fado dos documentos ou a natureza dos pagamentos recebidos. O Partido Trabalhista, por sua vez, aceitou a ren\u00fancia de Mandelson, buscando encerrar o cap\u00edtulo o mais r\u00e1pido poss\u00edvel para focar na agenda legislativa de Starmer.<\/p>\n","protected":false},"excerpt":{"rendered":"<p>\u200bO cen\u00e1rio pol\u00edtico do Reino Unido foi abalado neste fim de semana pela ren\u00fancia de Lord Peter Mandelson, figura hist\u00f3rica do &#8220;New Labour&#8221; e ex-embaixador, [&#8230;]<\/p>\n","protected":false},"author":1,"featured_media":3075,"comment_status":"open","ping_status":"open","sticky":false,"template":"","format":"standard","meta":{"_crdt_document":"","_jetpack_memberships_contains_paid_content":false,"footnotes":"","jetpack_publicize_message":"","jetpack_publicize_feature_enabled":true,"jetpack_social_post_already_shared":true,"jetpack_social_options":{"image_generator_settings":{"template":"highway","default_image_id":0,"font":"","enabled":false},"version":2}},"categories":[7],"tags":[],"class_list":["post-3074","post","type-post","status-publish","format-standard","has-post-thumbnail","hentry","category-politica"],"jetpack_publicize_connections":[],"jetpack_featured_media_url":"https:\/\/i0.wp.com\/oexpressobr.com.br\/wp-content\/uploads\/2026\/02\/480767a0-0029-11f1-9972-d3f265c101c6.jpg.webp?fit=800%2C533&ssl=1","jetpack_likes_enabled":true,"jetpack_sharing_enabled":true,"_links":{"self":[{"href":"https:\/\/oexpressobr.com.br\/index.php?rest_route=\/wp\/v2\/posts\/3074","targetHints":{"allow":["GET"]}}],"collection":[{"href":"https:\/\/oexpressobr.com.br\/index.php?rest_route=\/wp\/v2\/posts"}],"about":[{"href":"https:\/\/oexpressobr.com.br\/index.php?rest_route=\/wp\/v2\/types\/post"}],"author":[{"embeddable":true,"href":"https:\/\/oexpressobr.com.br\/index.php?rest_route=\/wp\/v2\/users\/1"}],"replies":[{"embeddable":true,"href":"https:\/\/oexpressobr.com.br\/index.php?rest_route=%2Fwp%2Fv2%2Fcomments&post=3074"}],"version-history":[{"count":1,"href":"https:\/\/oexpressobr.com.br\/index.php?rest_route=\/wp\/v2\/posts\/3074\/revisions"}],"predecessor-version":[{"id":3076,"href":"https:\/\/oexpressobr.com.br\/index.php?rest_route=\/wp\/v2\/posts\/3074\/revisions\/3076"}],"wp:featuredmedia":[{"embeddable":true,"href":"https:\/\/oexpressobr.com.br\/index.php?rest_route=\/wp\/v2\/media\/3075"}],"wp:attachment":[{"href":"https:\/\/oexpressobr.com.br\/index.php?rest_route=%2Fwp%2Fv2%2Fmedia&parent=3074"}],"wp:term":[{"taxonomy":"category","embeddable":true,"href":"https:\/\/oexpressobr.com.br\/index.php?rest_route=%2Fwp%2Fv2%2Fcategories&post=3074"},{"taxonomy":"post_tag","embeddable":true,"href":"https:\/\/oexpressobr.com.br\/index.php?rest_route=%2Fwp%2Fv2%2Ftags&post=3074"}],"curies":[{"name":"wp","href":"https:\/\/api.w.org\/{rel}","templated":true}]}}