{"id":3077,"date":"2026-02-02T12:06:10","date_gmt":"2026-02-02T15:06:10","guid":{"rendered":"https:\/\/oexpressobr.com.br\/?p=3077"},"modified":"2026-02-02T12:06:12","modified_gmt":"2026-02-02T15:06:12","slug":"lula-fachin-e-cupula-do-congresso-abrem-ano-judiciario-de-2026-sob-clima-de-tensao-e-pauta-etica","status":"publish","type":"post","link":"https:\/\/oexpressobr.com.br\/?p=3077","title":{"rendered":"Lula, Fachin e c\u00fapula do Congresso abrem Ano Judici\u00e1rio de 2026 sob clima de tens\u00e3o e pauta \u00e9tica"},"content":{"rendered":"\n<p class=\"wp-block-paragraph\">Em uma cerim\u00f4nia marcada pelo simbolismo da harmonia entre os Poderes, o Supremo Tribunal Federal (STF) realizou, nesta segunda-feira (2), a sess\u00e3o solene de abertura do Ano Judici\u00e1rio de 2026. O evento reuniu o presidente Luiz In\u00e1cio Lula da Silva, os novos presidentes da C\u00e2mara, Hugo Motta (Republicanos-PB), e do Senado, Davi Alcolumbre (Uni\u00e3o-AP), al\u00e9m do presidente da Corte, ministro Edson Fachin.<\/p>\n\n\n\n<p class=\"wp-block-paragraph\">\u200bA solenidade ocorre em um momento de press\u00e3o institucional sobre o Tribunal, acentuado por investiga\u00e7\u00f5es recentes envolvendo o sistema financeiro e debates sobre a conduta de magistrados. Em seu discurso de abertura, o ministro Edson Fachin refor\u00e7ou que o Judici\u00e1rio &#8220;n\u00e3o se curva a amea\u00e7as ou intimida\u00e7\u00f5es&#8221; e destacou a import\u00e2ncia da estabilidade democr\u00e1tica para o pa\u00eds.<\/p>\n\n\n\n<h3 class=\"wp-block-heading\">\u200bDestaques da abertura e pauta de 2026<\/h3>\n\n\n\n<ul class=\"wp-block-list\">\n<li>\u200b<strong>C\u00f3digo de \u00c9tica no radar:<\/strong> Uma das principais bandeiras de Fachin para este ano \u00e9 a implementa\u00e7\u00e3o de um novo c\u00f3digo de conduta para os ministros. A proposta visa aumentar a transpar\u00eancia e estabelecer diretrizes mais r\u00edgidas sobre o relacionamento institucional e a atua\u00e7\u00e3o p\u00fablica dos membros da Corte.<\/li>\n\n\n\n<li>\u200b<strong>Primeira apari\u00e7\u00e3o de Lula:<\/strong> O presidente Lula participou da cerim\u00f4nia em seu primeiro compromisso oficial ap\u00f3s uma cirurgia de catarata realizada na \u00faltima sexta-feira. Sua presen\u00e7a \u00e9 lida como um gesto de apoio ao STF em meio \u00e0s cr\u00edticas da oposi\u00e7\u00e3o e \u00e0s tens\u00f5es legislativas.<\/li>\n\n\n\n<li>\u200b<strong>Vaga em aberto:<\/strong> O Supremo inicia os trabalhos com apenas dez ministros em plen\u00e1rio, enquanto aguarda a sabatina de Jorge Messias, indicado por Lula para a vaga deixada por Lu\u00eds Roberto Barroso. O ministro Luiz Fux participou de forma remota devido a uma pneumonia.<\/li>\n<\/ul>\n\n\n\n<h3 class=\"wp-block-heading\">\u200bCalend\u00e1rio de julgamentos impactantes<\/h3>\n\n\n\n<p class=\"wp-block-paragraph\">\u200bO m\u00eas de fevereiro j\u00e1 come\u00e7a com temas de alta voltagem pol\u00edtica e social. Entre os destaques da pauta est\u00e3o:<\/p>\n\n\n\n<ol class=\"wp-block-list\">\n<li>\u200b<strong>Caso Marielle Franco:<\/strong> O julgamento presencial da a\u00e7\u00e3o penal sobre o assassinato da vereadora e de seu motorista, Anderson Gomes, est\u00e1 marcado para o dia 24 de fevereiro.<\/li>\n\n\n\n<li>\u200b<strong>Escola Sem Partido:<\/strong> A Corte deve julgar a validade da ado\u00e7\u00e3o do programa em \u00e2mbito nacional no dia 19.<\/li>\n\n\n\n<li>\u200b<strong>Pauta Ambiental e Tribut\u00e1ria:<\/strong> Continuidade dos processos que buscam reduzir a litigiosidade tribut\u00e1ria e implementar o &#8220;Pacto pela Transforma\u00e7\u00e3o Ecol\u00f3gica&#8221;.<\/li>\n<\/ol>\n\n\n\n<p class=\"wp-block-paragraph\">\u200bNo Congresso, os trabalhos tamb\u00e9m foram retomados nesta tarde. Davi Alcolumbre e Hugo Motta indicaram que a prioridade legislativa ser\u00e1 a regulamenta\u00e7\u00e3o da reforma tribut\u00e1ria e temas de seguran\u00e7a p\u00fablica, tentando manter dist\u00e2ncia, ao menos no in\u00edcio do semestre, das pautas de confronto direto com o Judici\u00e1rio que marcaram o final do ano anterior.<\/p>\n\n\n\n<p class=\"wp-block-paragraph\">\u200bA uni\u00e3o dos chefes de Poder na rampa do STF busca transmitir uma imagem de normalidade institucional, embora os bastidores revelem um ano de desafios, especialmente com a proximidade das elei\u00e7\u00f5es municipais e o acirramento do debate sobre os limites de atua\u00e7\u00e3o de cada institui\u00e7\u00e3o.<\/p>\n\n\n\n<p class=\"wp-block-paragraph\"><\/p>\n","protected":false},"excerpt":{"rendered":"<p>Em uma cerim\u00f4nia marcada pelo simbolismo da harmonia entre os Poderes, o Supremo Tribunal Federal (STF) realizou, nesta segunda-feira (2), a sess\u00e3o solene de abertura [&#8230;]<\/p>\n","protected":false},"author":1,"featured_media":3078,"comment_status":"open","ping_status":"open","sticky":false,"template":"","format":"standard","meta":{"_crdt_document":"","_jetpack_memberships_contains_paid_content":false,"footnotes":"","jetpack_publicize_message":"","jetpack_publicize_feature_enabled":true,"jetpack_social_post_already_shared":true,"jetpack_social_options":{"image_generator_settings":{"template":"highway","default_image_id":0,"font":"","enabled":false},"version":2}},"categories":[3],"tags":[],"class_list":["post-3077","post","type-post","status-publish","format-standard","has-post-thumbnail","hentry","category-brasil"],"jetpack_publicize_connections":[],"jetpack_featured_media_url":"https:\/\/i0.wp.com\/oexpressobr.com.br\/wp-content\/uploads\/2026\/02\/stf_1908200973.webp?fit=1170%2C700&ssl=1","jetpack_likes_enabled":true,"jetpack_sharing_enabled":true,"_links":{"self":[{"href":"https:\/\/oexpressobr.com.br\/index.php?rest_route=\/wp\/v2\/posts\/3077","targetHints":{"allow":["GET"]}}],"collection":[{"href":"https:\/\/oexpressobr.com.br\/index.php?rest_route=\/wp\/v2\/posts"}],"about":[{"href":"https:\/\/oexpressobr.com.br\/index.php?rest_route=\/wp\/v2\/types\/post"}],"author":[{"embeddable":true,"href":"https:\/\/oexpressobr.com.br\/index.php?rest_route=\/wp\/v2\/users\/1"}],"replies":[{"embeddable":true,"href":"https:\/\/oexpressobr.com.br\/index.php?rest_route=%2Fwp%2Fv2%2Fcomments&post=3077"}],"version-history":[{"count":1,"href":"https:\/\/oexpressobr.com.br\/index.php?rest_route=\/wp\/v2\/posts\/3077\/revisions"}],"predecessor-version":[{"id":3079,"href":"https:\/\/oexpressobr.com.br\/index.php?rest_route=\/wp\/v2\/posts\/3077\/revisions\/3079"}],"wp:featuredmedia":[{"embeddable":true,"href":"https:\/\/oexpressobr.com.br\/index.php?rest_route=\/wp\/v2\/media\/3078"}],"wp:attachment":[{"href":"https:\/\/oexpressobr.com.br\/index.php?rest_route=%2Fwp%2Fv2%2Fmedia&parent=3077"}],"wp:term":[{"taxonomy":"category","embeddable":true,"href":"https:\/\/oexpressobr.com.br\/index.php?rest_route=%2Fwp%2Fv2%2Fcategories&post=3077"},{"taxonomy":"post_tag","embeddable":true,"href":"https:\/\/oexpressobr.com.br\/index.php?rest_route=%2Fwp%2Fv2%2Ftags&post=3077"}],"curies":[{"name":"wp","href":"https:\/\/api.w.org\/{rel}","templated":true}]}}