{"id":308,"date":"2025-12-03T13:50:13","date_gmt":"2025-12-03T16:50:13","guid":{"rendered":"https:\/\/oexpressobr.com.br\/?p=308"},"modified":"2025-12-03T13:50:13","modified_gmt":"2025-12-03T16:50:13","slug":"chicao-caminhoneiro-e-sebastiao-coelho-protocolam-paralisacao-no-governo-com-divisao-na-categoria","status":"publish","type":"post","link":"https:\/\/oexpressobr.com.br\/?p=308","title":{"rendered":"Chic\u00e3o Caminhoneiro e Sebasti\u00e3o Coelho protocolam paralisa\u00e7\u00e3o no governo com divis\u00e3o na categoria"},"content":{"rendered":"\n<p class=\"wp-block-paragraph\">Francisco Dalmora Burgardt, conhecido como <strong>Chic\u00e3o Caminhoneiro<\/strong>, l\u00edder autoproclamado da Uni\u00e3o Brasileira dos Caminhoneiros (UBC), protocolou na ter\u00e7a-feira (2) na Presid\u00eancia da Rep\u00fablica a comunica\u00e7\u00e3o formal de uma <strong>paralisa\u00e7\u00e3o nacional da categoria agendada para esta quinta-feira, 4 de dezembro<\/strong>. Chic\u00e3o esteve acompanhado do jurista e desembargador aposentado <strong>Sebasti\u00e3o Coelho<\/strong>, que oferece suporte jur\u00eddico ao movimento.<\/p>\n\n\n\n<p class=\"wp-block-paragraph\">\u200bO ato, no entanto, surge em meio a uma <strong>divis\u00e3o expressiva<\/strong> entre as entidades representativas. Confedera\u00e7\u00f5es tradicionais, como a Confedera\u00e7\u00e3o Nacional dos Transportadores Aut\u00f4nomos (CNTA) e a Confedera\u00e7\u00e3o Nacional dos Trabalhadores em Transporte e Log\u00edstica (CNTTL), j\u00e1 se manifestaram publicamente, afirmando n\u00e3o apoiar ou ter sido consultadas sobre o movimento. A CNTTL, inclusive, repudiou o uso de seu nome em publica\u00e7\u00f5es falsas que circulavam em redes sociais.<\/p>\n\n\n\n<p class=\"wp-block-paragraph\">\u200b<strong>### Pauta trabalhista e rumores de vi\u00e9s pol\u00edtico<\/strong><\/p>\n\n\n\n<p class=\"wp-block-paragraph\">\u200bChic\u00e3o Caminhoneiro e Sebasti\u00e3o Coelho enfatizam que o foco da mobiliza\u00e7\u00e3o \u00e9 <strong>trabalhista<\/strong>, buscando melhorias para a classe. Entre as reivindica\u00e7\u00f5es apresentadas est\u00e3o:<\/p>\n\n\n\n<ul class=\"wp-block-list\">\n<li>\u200bAposentadoria especial ap\u00f3s 25 anos de atividade comprovada.<\/li>\n\n\n\n<li>\u200bEstabilidade contratual para caminhoneiros aut\u00f4nomos.<\/li>\n\n\n\n<li>\u200bCumprimento efetivo das leis trabalhistas vigentes.<\/li>\n\n\n\n<li>\u200bReestrutura\u00e7\u00e3o do Marco Regulat\u00f3rio do Transporte de Cargas.<\/li>\n<\/ul>\n\n\n\n<p class=\"wp-block-paragraph\">\u200bApesar da pauta oficial, h\u00e1 preocupa\u00e7\u00e3o sobre um <strong>poss\u00edvel vi\u00e9s pol\u00edtico<\/strong> do movimento. O jurista Sebasti\u00e3o Coelho, dias antes de protocolar a a\u00e7\u00e3o ao lado de Chic\u00e3o, publicou um v\u00eddeo em suas redes sociais convocando a paralisa\u00e7\u00e3o com o objetivo de obter <strong>anistia ampla, geral e irrestrita<\/strong> para condenados e investigados relacionados aos atos de 8 de janeiro e para o ex-presidente Jair Bolsonaro, o que gerou forte ceticismo e desconfian\u00e7a em parte da categoria.<\/p>\n\n\n\n<p class=\"wp-block-paragraph\">\u200b<strong>### Hist\u00f3rico de convoca\u00e7\u00e3o que n\u00e3o se concretizou<\/strong><\/p>\n\n\n\n<p class=\"wp-block-paragraph\">\u200bEsta n\u00e3o \u00e9 a primeira vez que Chic\u00e3o Caminhoneiro convoca uma paralisa\u00e7\u00e3o nacional. Em agosto deste ano, ele e Sebasti\u00e3o Coelho j\u00e1 haviam anunciado uma poss\u00edvel greve, que <strong>acabou n\u00e3o se concretizando<\/strong> na pr\u00e1tica, diminuindo a credibilidade de um movimento em larga escala desta vez.<\/p>\n\n\n\n<p class=\"wp-block-paragraph\">\u200bApesar da forte rejei\u00e7\u00e3o de lideran\u00e7as tradicionais, a formaliza\u00e7\u00e3o do aviso ao governo e o apoio jur\u00eddico de Sebasti\u00e3o Coelho garantem respaldo legal inicial para o ato. No entanto, a ades\u00e3o da base e o real impacto da paralisa\u00e7\u00e3o nas rodovias, a partir de quinta-feira (4), permanecem incertos.<\/p>\n","protected":false},"excerpt":{"rendered":"<p>Francisco Dalmora Burgardt, conhecido como Chic\u00e3o Caminhoneiro, l\u00edder autoproclamado da Uni\u00e3o Brasileira dos Caminhoneiros (UBC), protocolou na ter\u00e7a-feira (2) na Presid\u00eancia da Rep\u00fablica a comunica\u00e7\u00e3o [&#8230;]<\/p>\n","protected":false},"author":1,"featured_media":309,"comment_status":"open","ping_status":"open","sticky":false,"template":"","format":"standard","meta":{"_crdt_document":"","_jetpack_memberships_contains_paid_content":false,"footnotes":"","jetpack_publicize_message":"","jetpack_publicize_feature_enabled":true,"jetpack_social_post_already_shared":false,"jetpack_social_options":{"image_generator_settings":{"template":"highway","default_image_id":0,"font":"","enabled":false},"version":2}},"categories":[3],"tags":[],"class_list":["post-308","post","type-post","status-publish","format-standard","has-post-thumbnail","hentry","category-brasil"],"jetpack_publicize_connections":[],"jetpack_featured_media_url":"https:\/\/i0.wp.com\/oexpressobr.com.br\/wp-content\/uploads\/2025\/12\/chicao-e-coelho.jpg?fit=414%2C280&ssl=1","jetpack_likes_enabled":true,"jetpack_sharing_enabled":true,"_links":{"self":[{"href":"https:\/\/oexpressobr.com.br\/index.php?rest_route=\/wp\/v2\/posts\/308","targetHints":{"allow":["GET"]}}],"collection":[{"href":"https:\/\/oexpressobr.com.br\/index.php?rest_route=\/wp\/v2\/posts"}],"about":[{"href":"https:\/\/oexpressobr.com.br\/index.php?rest_route=\/wp\/v2\/types\/post"}],"author":[{"embeddable":true,"href":"https:\/\/oexpressobr.com.br\/index.php?rest_route=\/wp\/v2\/users\/1"}],"replies":[{"embeddable":true,"href":"https:\/\/oexpressobr.com.br\/index.php?rest_route=%2Fwp%2Fv2%2Fcomments&post=308"}],"version-history":[{"count":0,"href":"https:\/\/oexpressobr.com.br\/index.php?rest_route=\/wp\/v2\/posts\/308\/revisions"}],"wp:featuredmedia":[{"embeddable":true,"href":"https:\/\/oexpressobr.com.br\/index.php?rest_route=\/wp\/v2\/media\/309"}],"wp:attachment":[{"href":"https:\/\/oexpressobr.com.br\/index.php?rest_route=%2Fwp%2Fv2%2Fmedia&parent=308"}],"wp:term":[{"taxonomy":"category","embeddable":true,"href":"https:\/\/oexpressobr.com.br\/index.php?rest_route=%2Fwp%2Fv2%2Fcategories&post=308"},{"taxonomy":"post_tag","embeddable":true,"href":"https:\/\/oexpressobr.com.br\/index.php?rest_route=%2Fwp%2Fv2%2Ftags&post=308"}],"curies":[{"name":"wp","href":"https:\/\/api.w.org\/{rel}","templated":true}]}}