{"id":3080,"date":"2026-02-02T12:10:05","date_gmt":"2026-02-02T15:10:05","guid":{"rendered":"https:\/\/oexpressobr.com.br\/?p=3080"},"modified":"2026-02-02T12:10:06","modified_gmt":"2026-02-02T15:10:06","slug":"academicos-de-niteroi-homenageia-dona-lindu-e-leva-voz-da-mae-de-lula-a-sapucai","status":"publish","type":"post","link":"https:\/\/oexpressobr.com.br\/?p=3080","title":{"rendered":"Acad\u00eamicos de Niter\u00f3i homenageia Dona Lindu e leva voz da m\u00e3e de Lula \u00e0 Sapuca\u00ed"},"content":{"rendered":"\n<p class=\"wp-block-paragraph\">\u200bA <strong>Acad\u00eamicos de Niter\u00f3i<\/strong> transformou o Samb\u00f3dromo em um palco de mem\u00f3ria e emo\u00e7\u00e3o na \u00faltima sexta-feira. Com o enredo <em>&#8220;\u00c9 nesta terra, \u00e9 nesta gente&#8230; O brilho de Dona Lindu&#8221;<\/em>, a agremia\u00e7\u00e3o da S\u00e9rie Ouro resgatou a trajet\u00f3ria de Eur\u00eddice Ferreira de Melo, a m\u00e3e do presidente Luiz In\u00e1cio Lula da Silva, destacando sua for\u00e7a como s\u00edmbolo das mulheres retirantes brasileiras.<\/p>\n\n\n\n<p class=\"wp-block-paragraph\">\u200bO ponto alto do desfile, que arrepiou o p\u00fablico nas arquibancadas, foi a inclus\u00e3o de um <strong>\u00e1udio original de Dona Lindu<\/strong> integrado \u00e0 sonoridade da bateria. A voz da matriarca, falecida em 1980, ecoou pela passarela defendendo a dignidade e a perseveran\u00e7a, servindo como fio condutor para a narrativa da escola.<\/p>\n\n\n\n<h3 class=\"wp-block-heading\">\u200bDestaques do desfile e atualiza\u00e7\u00f5es<\/h3>\n\n\n\n<p class=\"wp-block-paragraph\">\u200bA apresenta\u00e7\u00e3o n\u00e3o se limitou apenas \u00e0 biografia pol\u00edtica colateral, mas focou na <strong>maternidade e na resili\u00eancia nordestina<\/strong>. Confira os pilares da apresenta\u00e7\u00e3o:<\/p>\n\n\n\n<ul class=\"wp-block-list\">\n<li>\u200b<strong>Voz Atemporal:<\/strong> O uso do \u00e1udio de Dona Lindu foi estrategicamente posicionado para refor\u00e7ar o refr\u00e3o do samba, criando uma conex\u00e3o direta entre o passado hist\u00f3rico e o presente.<\/li>\n\n\n\n<li>\u200b<strong>Est\u00e9tica Retirante:<\/strong> As alegorias e fantasias utilizaram tons terrosos e materiais que remetiam ao sert\u00e3o de Garanhuns (PE), evoluindo para cores mais vibrantes ao representar a chegada da fam\u00edlia a S\u00e3o Paulo.<\/li>\n\n\n\n<li>\u200b<strong>Representatividade:<\/strong> A escola contou com a presen\u00e7a de figuras ligadas aos movimentos sociais e membros da fam\u00edlia Silva, que desfilaram emocionados ao som de versos que exaltavam a &#8220;teimosia&#8221; de Lindu em criar seus filhos com dignidade.<\/li>\n<\/ul>\n\n\n\n<h3 class=\"wp-block-heading\">\u200bO impacto na S\u00e9rie Ouro<\/h3>\n\n\n\n<p class=\"wp-block-paragraph\">\u200bDe acordo com as \u00faltimas an\u00e1lises da cr\u00edtica especializada de Carnaval, a Acad\u00eamicos de Niter\u00f3i se posicionou como uma das favoritas ao topo da tabela. A escolha de um enredo biogr\u00e1fico com forte carga emocional \u00e9 uma estrat\u00e9gia comum para conquistar os jurados nos quesitos <strong>Enredo e Evolu\u00e7\u00e3o<\/strong>.<\/p>\n\n\n\n<blockquote class=\"wp-block-quote is-layout-flow wp-block-quote-is-layout-flow\">\n<p class=\"wp-block-paragraph\">\u200b&#8221;Dona Lindu n\u00e3o \u00e9 apenas a m\u00e3e de um presidente; ela representa a espinha dorsal de milh\u00f5es de fam\u00edlias brasileiras que atravessaram o pa\u00eds em busca de sobreviv\u00eancia&#8221;, afirmou o carnavalesco durante a prepara\u00e7\u00e3o do desfile.<\/p>\n<\/blockquote>\n","protected":false},"excerpt":{"rendered":"<p>\u200bA Acad\u00eamicos de Niter\u00f3i transformou o Samb\u00f3dromo em um palco de mem\u00f3ria e emo\u00e7\u00e3o na \u00faltima sexta-feira. Com o enredo &#8220;\u00c9 nesta terra, \u00e9 nesta [&#8230;]<\/p>\n","protected":false},"author":1,"featured_media":3081,"comment_status":"open","ping_status":"open","sticky":false,"template":"","format":"standard","meta":{"_crdt_document":"","_jetpack_memberships_contains_paid_content":false,"footnotes":"","jetpack_publicize_message":"","jetpack_publicize_feature_enabled":true,"jetpack_social_post_already_shared":true,"jetpack_social_options":{"image_generator_settings":{"template":"highway","default_image_id":0,"font":"","enabled":false},"version":2}},"categories":[3],"tags":[],"class_list":["post-3080","post","type-post","status-publish","format-standard","has-post-thumbnail","hentry","category-brasil"],"jetpack_publicize_connections":[],"jetpack_featured_media_url":"https:\/\/i0.wp.com\/oexpressobr.com.br\/wp-content\/uploads\/2026\/02\/lulaniteroi1.webp?fit=1170%2C700&ssl=1","jetpack_likes_enabled":true,"jetpack_sharing_enabled":true,"_links":{"self":[{"href":"https:\/\/oexpressobr.com.br\/index.php?rest_route=\/wp\/v2\/posts\/3080","targetHints":{"allow":["GET"]}}],"collection":[{"href":"https:\/\/oexpressobr.com.br\/index.php?rest_route=\/wp\/v2\/posts"}],"about":[{"href":"https:\/\/oexpressobr.com.br\/index.php?rest_route=\/wp\/v2\/types\/post"}],"author":[{"embeddable":true,"href":"https:\/\/oexpressobr.com.br\/index.php?rest_route=\/wp\/v2\/users\/1"}],"replies":[{"embeddable":true,"href":"https:\/\/oexpressobr.com.br\/index.php?rest_route=%2Fwp%2Fv2%2Fcomments&post=3080"}],"version-history":[{"count":1,"href":"https:\/\/oexpressobr.com.br\/index.php?rest_route=\/wp\/v2\/posts\/3080\/revisions"}],"predecessor-version":[{"id":3082,"href":"https:\/\/oexpressobr.com.br\/index.php?rest_route=\/wp\/v2\/posts\/3080\/revisions\/3082"}],"wp:featuredmedia":[{"embeddable":true,"href":"https:\/\/oexpressobr.com.br\/index.php?rest_route=\/wp\/v2\/media\/3081"}],"wp:attachment":[{"href":"https:\/\/oexpressobr.com.br\/index.php?rest_route=%2Fwp%2Fv2%2Fmedia&parent=3080"}],"wp:term":[{"taxonomy":"category","embeddable":true,"href":"https:\/\/oexpressobr.com.br\/index.php?rest_route=%2Fwp%2Fv2%2Fcategories&post=3080"},{"taxonomy":"post_tag","embeddable":true,"href":"https:\/\/oexpressobr.com.br\/index.php?rest_route=%2Fwp%2Fv2%2Ftags&post=3080"}],"curies":[{"name":"wp","href":"https:\/\/api.w.org\/{rel}","templated":true}]}}