{"id":3083,"date":"2026-02-02T12:14:47","date_gmt":"2026-02-02T15:14:47","guid":{"rendered":"https:\/\/oexpressobr.com.br\/?p=3083"},"modified":"2026-02-02T12:14:48","modified_gmt":"2026-02-02T15:14:48","slug":"justica-condena-pablo-marcal-a-indenizar-guilherme-boulos-em-r-100-mil-por-fake-news","status":"publish","type":"post","link":"https:\/\/oexpressobr.com.br\/?p=3083","title":{"rendered":"Justi\u00e7a condena Pablo Mar\u00e7al a indenizar Guilherme Boulos em R$ 100 mil por fake news"},"content":{"rendered":"\n<p class=\"wp-block-paragraph\">\u200bA Justi\u00e7a de S\u00e3o Paulo proferiu uma decis\u00e3o marcante sobre os limites da ret\u00f3rica eleitoral ao condenar o empres\u00e1rio e ex-candidato \u00e0 prefeitura, <strong>Pablo Mar\u00e7al<\/strong>, ao pagamento de <strong>R$ 100 mil<\/strong> em danos morais ao ministro <strong>Guilherme Boulos<\/strong>. A senten\u00e7a \u00e9 um desdobramento direto dos ataques pessoais realizados durante a campanha municipal de 2024.<\/p>\n\n\n\n<h3 class=\"wp-block-heading\">\u200bO Contexto da Condena\u00e7\u00e3o<\/h3>\n\n\n\n<p class=\"wp-block-paragraph\">\u200bA decis\u00e3o foca na dissemina\u00e7\u00e3o de informa\u00e7\u00f5es falsas que buscavam associar Boulos ao uso de drogas il\u00edcitas. Durante o pleito, Mar\u00e7al utilizou uma estrat\u00e9gia agressiva que incluiu:<\/p>\n\n\n\n<ul class=\"wp-block-list\">\n<li>\u200b<strong>Gestos insinuantes:<\/strong> Simula\u00e7\u00f5es de uso de coca\u00edna durante debates televisivos.<\/li>\n\n\n\n<li>\u200b<strong>Apelidos pejorativos:<\/strong> Uso sistem\u00e1tico de termos como &#8220;aspirador de p\u00f3&#8221;.<\/li>\n\n\n\n<li>\u200b<strong>Laudo Falso:<\/strong> O ponto cr\u00edtico da disputa ocorreu na antev\u00e9spera do primeiro turno, quando Mar\u00e7al publicou em suas redes sociais um receitu\u00e1rio m\u00e9dico falso que indicava um suposto surto psic\u00f3tico de Boulos por uso de drogas.<\/li>\n<\/ul>\n\n\n\n<h3 class=\"wp-block-heading\">\u200bO Entendimento Judicial<\/h3>\n\n\n\n<p class=\"wp-block-paragraph\">\u200bPara o magistrado respons\u00e1vel pelo caso, a conduta de Mar\u00e7al extrapolou a liberdade de express\u00e3o e o debate pol\u00edtico, configurando um ataque deliberado \u00e0 honra do advers\u00e1rio com base em elementos comprovadamente inexistentes.<\/p>\n\n\n\n<p class=\"wp-block-paragraph\">\u200bEmbora o empres\u00e1rio possa recorrer da decis\u00e3o, o Judici\u00e1rio sinaliza um rigor crescente contra o uso de <strong>fake news<\/strong> como ferramenta de campanha. Vale lembrar que Mar\u00e7al tamb\u00e9m enfrenta investiga\u00e7\u00f5es na esfera eleitoral que podem resultar em sua inelegibilidade futura devido ao epis\u00f3dio do laudo falso.<\/p>\n\n\n\n<h3 class=\"wp-block-heading\">\u200bAtualiza\u00e7\u00f5es e Repercuss\u00f5es<\/h3>\n\n\n\n<p class=\"wp-block-paragraph\">\u200bRecentemente, a defesa de Boulos tem buscado acelerar a execu\u00e7\u00e3o de multas aplicadas durante o per\u00edodo eleitoral, enquanto o Minist\u00e9rio P\u00fablico continua apurando a falsifica\u00e7\u00e3o de documentos. Mar\u00e7al, por sua vez, mant\u00e9m sua presen\u00e7a digital focada em mentoria e novos projetos pol\u00edticos, embora o cerco judicial sobre as t\u00e1ticas de 2024 esteja se fechando.<\/p>\n\n\n\n<p class=\"wp-block-paragraph\">\u200bAt\u00e9 o fechamento desta edi\u00e7\u00e3o, as assessorias de ambos os pol\u00edticos n\u00e3o emitiram novas notas oficiais sobre esta condena\u00e7\u00e3o espec\u00edfica de R$ 100 mil.<\/p>\n","protected":false},"excerpt":{"rendered":"<p>\u200bA Justi\u00e7a de S\u00e3o Paulo proferiu uma decis\u00e3o marcante sobre os limites da ret\u00f3rica eleitoral ao condenar o empres\u00e1rio e ex-candidato \u00e0 prefeitura, Pablo Mar\u00e7al, [&#8230;]<\/p>\n","protected":false},"author":1,"featured_media":3084,"comment_status":"open","ping_status":"open","sticky":false,"template":"","format":"standard","meta":{"_crdt_document":"","_jetpack_memberships_contains_paid_content":false,"footnotes":"","jetpack_publicize_message":"","jetpack_publicize_feature_enabled":true,"jetpack_social_post_already_shared":true,"jetpack_social_options":{"image_generator_settings":{"template":"highway","default_image_id":0,"font":"","enabled":false},"version":2}},"categories":[3],"tags":[],"class_list":["post-3083","post","type-post","status-publish","format-standard","has-post-thumbnail","hentry","category-brasil"],"jetpack_publicize_connections":[],"jetpack_featured_media_url":"https:\/\/i0.wp.com\/oexpressobr.com.br\/wp-content\/uploads\/2026\/02\/IMG-20260202-WA0185.jpg?fit=1080%2C1350&ssl=1","jetpack_likes_enabled":true,"jetpack_sharing_enabled":true,"_links":{"self":[{"href":"https:\/\/oexpressobr.com.br\/index.php?rest_route=\/wp\/v2\/posts\/3083","targetHints":{"allow":["GET"]}}],"collection":[{"href":"https:\/\/oexpressobr.com.br\/index.php?rest_route=\/wp\/v2\/posts"}],"about":[{"href":"https:\/\/oexpressobr.com.br\/index.php?rest_route=\/wp\/v2\/types\/post"}],"author":[{"embeddable":true,"href":"https:\/\/oexpressobr.com.br\/index.php?rest_route=\/wp\/v2\/users\/1"}],"replies":[{"embeddable":true,"href":"https:\/\/oexpressobr.com.br\/index.php?rest_route=%2Fwp%2Fv2%2Fcomments&post=3083"}],"version-history":[{"count":1,"href":"https:\/\/oexpressobr.com.br\/index.php?rest_route=\/wp\/v2\/posts\/3083\/revisions"}],"predecessor-version":[{"id":3085,"href":"https:\/\/oexpressobr.com.br\/index.php?rest_route=\/wp\/v2\/posts\/3083\/revisions\/3085"}],"wp:featuredmedia":[{"embeddable":true,"href":"https:\/\/oexpressobr.com.br\/index.php?rest_route=\/wp\/v2\/media\/3084"}],"wp:attachment":[{"href":"https:\/\/oexpressobr.com.br\/index.php?rest_route=%2Fwp%2Fv2%2Fmedia&parent=3083"}],"wp:term":[{"taxonomy":"category","embeddable":true,"href":"https:\/\/oexpressobr.com.br\/index.php?rest_route=%2Fwp%2Fv2%2Fcategories&post=3083"},{"taxonomy":"post_tag","embeddable":true,"href":"https:\/\/oexpressobr.com.br\/index.php?rest_route=%2Fwp%2Fv2%2Ftags&post=3083"}],"curies":[{"name":"wp","href":"https:\/\/api.w.org\/{rel}","templated":true}]}}