{"id":3088,"date":"2026-02-02T19:10:51","date_gmt":"2026-02-02T22:10:51","guid":{"rendered":"https:\/\/oexpressobr.com.br\/?p=3088"},"modified":"2026-02-02T19:10:52","modified_gmt":"2026-02-02T22:10:52","slug":"camara-de-maringa-define-membros-das-comissoes-permanentes-e-blocos-partidarios-por-consenso","status":"publish","type":"post","link":"https:\/\/oexpressobr.com.br\/?p=3088","title":{"rendered":"C\u00e2mara de Maring\u00e1 define membros das comiss\u00f5es permanentes e blocos partid\u00e1rios por consenso"},"content":{"rendered":"\n<p class=\"wp-block-paragraph\">Na tarde desta segunda-feira (02), a C\u00e2mara Municipal de Maring\u00e1 consolidou a organiza\u00e7\u00e3o interna de suas frentes de trabalho para o atual ano legislativo. Em uma sess\u00e3o marcada pelo di\u00e1logo e pela articula\u00e7\u00e3o pol\u00edtica, os vereadores definiram a composi\u00e7\u00e3o das <strong>Comiss\u00f5es Permanentes<\/strong>, al\u00e9m da oficializa\u00e7\u00e3o das bancadas e blocos partid\u00e1rios, priorizando a estabilidade institucional.<\/p>\n\n\n\n<p class=\"wp-block-paragraph\">A escolha por consenso evita as tradicionais disputas em plen\u00e1rio e sinaliza uma tentativa de harmoniza\u00e7\u00e3o entre as diferentes vertentes partid\u00e1rias. Essas comiss\u00f5es s\u00e3o o &#8220;cora\u00e7\u00e3o&#8221; do Legislativo, sendo respons\u00e1veis por analisar a constitucionalidade, o m\u00e9rito e o impacto financeiro de todos os projetos antes de seguirem para vota\u00e7\u00e3o definitiva.<\/p>\n\n\n\n<h3 class=\"wp-block-heading\">Os principais pilares da nova composi\u00e7\u00e3o<\/h3>\n\n\n\n<p class=\"wp-block-paragraph\">A distribui\u00e7\u00e3o dos membros reflete a correla\u00e7\u00e3o de for\u00e7as pol\u00edticas na Casa. Entre os grupos definidos, destacam-se:<\/p>\n\n\n\n<ul class=\"wp-block-list\">\n<li><strong>Comiss\u00e3o de Constitui\u00e7\u00e3o e Justi\u00e7a (CCJ):<\/strong> Considerada a mais importante, por decidir quais projetos podem ou n\u00e3o tramitar juridicamente.<\/li>\n\n\n\n<li><strong>Comiss\u00e3o de Finan\u00e7as e Or\u00e7amento:<\/strong> Fundamental para o acompanhamento da gest\u00e3o fiscal do munic\u00edpio e an\u00e1lise do or\u00e7amento p\u00fablico.<\/li>\n\n\n\n<li><strong>Blocos Partid\u00e1rios:<\/strong> A forma\u00e7\u00e3o de blocos permite que partidos menores ganhem musculatura pol\u00edtica, influenciando diretamente na indica\u00e7\u00e3o de lideran\u00e7as e na ordem do dia das vota\u00e7\u00f5es.<\/li>\n<\/ul>\n\n\n\n<blockquote class=\"wp-block-quote is-layout-flow wp-block-quote-is-layout-flow\">\n<p class=\"wp-block-paragraph\">&#8220;A composi\u00e7\u00e3o equilibrada \u00e9 um passo vital para que as pautas de interesse da popula\u00e7\u00e3o maringaense n\u00e3o fiquem travadas por quest\u00f5es burocr\u00e1ticas ou disputas partid\u00e1rias isoladas&#8221;, destacou a presid\u00eancia da Casa durante a sess\u00e3o.<\/p>\n<\/blockquote>\n\n\n\n<h3 class=\"wp-block-heading\">O que muda no cotidiano legislativo?<\/h3>\n\n\n\n<p class=\"wp-block-paragraph\">Com as comiss\u00f5es devidamente instaladas, a C\u00e2mara retoma o ritmo total de produtividade. Agora, propostas relacionadas \u00e0 <strong>sa\u00fade, educa\u00e7\u00e3o, infraestrutura e mobilidade urbana<\/strong> j\u00e1 possuem relatores definidos para emitir os pareceres t\u00e9cnicos necess\u00e1rios.<\/p>\n\n\n\n<p class=\"wp-block-paragraph\">A novidade deste ciclo \u00e9 o foco em uma agenda de moderniza\u00e7\u00e3o e transpar\u00eancia, onde os blocos rec\u00e9m-formados prometem maior rigor na fiscaliza\u00e7\u00e3o das contas p\u00fablicas e na agilidade dos processos internos.<\/p>\n","protected":false},"excerpt":{"rendered":"<p>Na tarde desta segunda-feira (02), a C\u00e2mara Municipal de Maring\u00e1 consolidou a organiza\u00e7\u00e3o interna de suas frentes de trabalho para o atual ano legislativo. Em [&#8230;]<\/p>\n","protected":false},"author":1,"featured_media":3089,"comment_status":"open","ping_status":"open","sticky":false,"template":"","format":"standard","meta":{"_crdt_document":"","_jetpack_memberships_contains_paid_content":false,"footnotes":"","jetpack_publicize_message":"","jetpack_publicize_feature_enabled":true,"jetpack_social_post_already_shared":true,"jetpack_social_options":{"image_generator_settings":{"template":"highway","default_image_id":0,"font":"","enabled":false},"version":2}},"categories":[4],"tags":[],"class_list":["post-3088","post","type-post","status-publish","format-standard","has-post-thumbnail","hentry","category-maringa"],"jetpack_publicize_connections":[],"jetpack_featured_media_url":"https:\/\/i0.wp.com\/oexpressobr.com.br\/wp-content\/uploads\/2026\/02\/Pleario-Camara.jpg?fit=1920%2C1280&ssl=1","jetpack_likes_enabled":true,"jetpack_sharing_enabled":true,"_links":{"self":[{"href":"https:\/\/oexpressobr.com.br\/index.php?rest_route=\/wp\/v2\/posts\/3088","targetHints":{"allow":["GET"]}}],"collection":[{"href":"https:\/\/oexpressobr.com.br\/index.php?rest_route=\/wp\/v2\/posts"}],"about":[{"href":"https:\/\/oexpressobr.com.br\/index.php?rest_route=\/wp\/v2\/types\/post"}],"author":[{"embeddable":true,"href":"https:\/\/oexpressobr.com.br\/index.php?rest_route=\/wp\/v2\/users\/1"}],"replies":[{"embeddable":true,"href":"https:\/\/oexpressobr.com.br\/index.php?rest_route=%2Fwp%2Fv2%2Fcomments&post=3088"}],"version-history":[{"count":1,"href":"https:\/\/oexpressobr.com.br\/index.php?rest_route=\/wp\/v2\/posts\/3088\/revisions"}],"predecessor-version":[{"id":3090,"href":"https:\/\/oexpressobr.com.br\/index.php?rest_route=\/wp\/v2\/posts\/3088\/revisions\/3090"}],"wp:featuredmedia":[{"embeddable":true,"href":"https:\/\/oexpressobr.com.br\/index.php?rest_route=\/wp\/v2\/media\/3089"}],"wp:attachment":[{"href":"https:\/\/oexpressobr.com.br\/index.php?rest_route=%2Fwp%2Fv2%2Fmedia&parent=3088"}],"wp:term":[{"taxonomy":"category","embeddable":true,"href":"https:\/\/oexpressobr.com.br\/index.php?rest_route=%2Fwp%2Fv2%2Fcategories&post=3088"},{"taxonomy":"post_tag","embeddable":true,"href":"https:\/\/oexpressobr.com.br\/index.php?rest_route=%2Fwp%2Fv2%2Ftags&post=3088"}],"curies":[{"name":"wp","href":"https:\/\/api.w.org\/{rel}","templated":true}]}}