{"id":3103,"date":"2026-02-02T19:52:30","date_gmt":"2026-02-02T22:52:30","guid":{"rendered":"https:\/\/oexpressobr.com.br\/?p=3103"},"modified":"2026-02-02T19:52:31","modified_gmt":"2026-02-02T22:52:31","slug":"psb-nacional-avalia-intervencao-no-parana-para-alinhar-apoio-a-lula-gleisi-e-requiao-filho","status":"publish","type":"post","link":"https:\/\/oexpressobr.com.br\/?p=3103","title":{"rendered":"PSB nacional avalia interven\u00e7\u00e3o no Paran\u00e1 para alinhar apoio a Lula, Gleisi e Requi\u00e3o Filho"},"content":{"rendered":"\n<p class=\"wp-block-paragraph\">O cen\u00e1rio pol\u00edtico paranaense atravessa um momento de forte ebuli\u00e7\u00e3o nos bastidores. A dire\u00e7\u00e3o nacional do Partido Socialista Brasileiro (PSB) avalia uma interven\u00e7\u00e3o estrat\u00e9gica no diret\u00f3rio do Paran\u00e1 com o objetivo de consolidar uma frente ampla de apoio ao projeto de reelei\u00e7\u00e3o do presidente Luiz In\u00e1cio Lula da Silva e fortalecer a alian\u00e7a com a presidente nacional do PT, Gleisi Hoffmann, e o deputado estadual Requi\u00e3o Filho (PDT).<\/p>\n\n\n\n<h3 class=\"wp-block-heading\">\u200bO xadrez pol\u00edtico para 2026<\/h3>\n\n\n\n<p class=\"wp-block-paragraph\">\u200bA movimenta\u00e7\u00e3o reflete a necessidade do governo federal de construir palanques s\u00f3lidos em estados onde a oposi\u00e7\u00e3o bolsonarista e o grupo do governador Ratinho J\u00fanior (PSD) possuem forte capilaridade. De acordo com informa\u00e7\u00f5es recentes, o PT paranaense j\u00e1 selou oficialmente seu apoio \u00e0 pr\u00e9-candidatura de <strong>Requi\u00e3o Filho (PDT)<\/strong> ao Governo do Estado em 2026.<\/p>\n\n\n\n<p class=\"wp-block-paragraph\">\u200bA decis\u00e3o de apoiar Requi\u00e3o Filho \u2014 que deixou o PT em janeiro de 2025 alegando falta de espa\u00e7o, mas mant\u00e9m alinhamento ideol\u00f3gico com o campo progressista \u2014 faz parte de uma estrat\u00e9gia costurada por Gleisi Hoffmann e Arilson Chiorato, presidente estadual do PT. O objetivo \u00e9 unificar partidos como PDT, PSB, PCdoB e PV em uma coaliz\u00e3o capaz de enfrentar o &#8220;ratismo&#8221; e o &#8220;lavajatismo&#8221; no estado.<\/p>\n\n\n\n<h3 class=\"wp-block-heading\">\u200bPress\u00e3o sobre o PSB local<\/h3>\n\n\n\n<p class=\"wp-block-paragraph\">\u200bA interven\u00e7\u00e3o nacional no PSB mira, especificamente, as alas do partido que ainda resistem a um alinhamento total com a esquerda no Paran\u00e1 ou que mant\u00eam proximidade com o atual governo estadual. Em 2024, o PT j\u00e1 havia demonstrado pragmatismo ao abdicar de candidatura pr\u00f3pria em Curitiba para apoiar <strong>Luciano Ducci (PSB)<\/strong>, sob a orienta\u00e7\u00e3o direta de Lula e Gleisi. Agora, a c\u00fapula nacional do PSB, liderada por Carlos Siqueira, busca retribuir o gesto e garantir que o partido n\u00e3o tome caminhos isolados em 2026.<\/p>\n\n\n\n<h3 class=\"wp-block-heading\">\u200bOs principais nomes da frente ampla<\/h3>\n\n\n\n<ul class=\"wp-block-list\">\n<li>\u200b<strong>Lula:<\/strong> Busca um palanque competitivo no Paran\u00e1, estado onde sofreu derrotas expressivas em pleitos anteriores.<\/li>\n\n\n\n<li>\u200b<strong>Gleisi Hoffmann:<\/strong> A deputada federal e presidente do PT foca na constru\u00e7\u00e3o de uma base de resist\u00eancia e \u00e9 cotada como o principal nome da esquerda para uma das vagas ao Senado em 2026.<\/li>\n\n\n\n<li>\u200b<strong>Requi\u00e3o Filho:<\/strong> Consolidado como o nome da oposi\u00e7\u00e3o ao governo Ratinho Jr., o deputado agora conta com as b\u00ean\u00e7\u00e3os do PT e busca atrair o PSB para fechar o &#8220;n\u00facleo duro&#8221; da frente progressista.<\/li>\n<\/ul>\n\n\n\n<h3 class=\"wp-block-heading\">\u200bPr\u00f3ximos passos<\/h3>\n\n\n\n<p class=\"wp-block-paragraph\">\u200bA expectativa \u00e9 que, nas pr\u00f3ximas semanas, reuni\u00f5es em Bras\u00edlia definam o novo comando provis\u00f3rio do PSB no Paran\u00e1. Se confirmada, a interven\u00e7\u00e3o deve isolar lideran\u00e7as regionais que flertam com o centro-direita e colocar a legenda definitivamente na \u00f3rbita da Federa\u00e7\u00e3o Brasil da Esperan\u00e7a (PT, PV e PCdoB) e do PDT, criando um bloco de oposi\u00e7\u00e3o robusto para as pr\u00f3ximas elei\u00e7\u00f5es estaduais.<\/p>\n\n\n\n<p class=\"wp-block-paragraph\">\u200bAs negocia\u00e7\u00f5es tamb\u00e9m passam pela indica\u00e7\u00e3o de nomes para o Senado, onde o atual diretor-geral da Itaipu Binacional, <strong>Enio Verri (PT)<\/strong>, surge como um forte aliado para compor a chapa majorit\u00e1ria ao lado de Requi\u00e3o Filho.<\/p>\n","protected":false},"excerpt":{"rendered":"<p>O cen\u00e1rio pol\u00edtico paranaense atravessa um momento de forte ebuli\u00e7\u00e3o nos bastidores. A dire\u00e7\u00e3o nacional do Partido Socialista Brasileiro (PSB) avalia uma interven\u00e7\u00e3o estrat\u00e9gica no [&#8230;]<\/p>\n","protected":false},"author":1,"featured_media":3104,"comment_status":"open","ping_status":"open","sticky":false,"template":"","format":"standard","meta":{"_crdt_document":"","_jetpack_memberships_contains_paid_content":false,"footnotes":"","jetpack_publicize_message":"","jetpack_publicize_feature_enabled":true,"jetpack_social_post_already_shared":true,"jetpack_social_options":{"image_generator_settings":{"template":"highway","default_image_id":0,"font":"","enabled":false},"version":2}},"categories":[7],"tags":[],"class_list":["post-3103","post","type-post","status-publish","format-standard","has-post-thumbnail","hentry","category-politica"],"jetpack_publicize_connections":[],"jetpack_featured_media_url":"https:\/\/i0.wp.com\/oexpressobr.com.br\/wp-content\/uploads\/2026\/02\/gleisi-alceni-requiao.jpeg?fit=1536%2C1152&ssl=1","jetpack_likes_enabled":true,"jetpack_sharing_enabled":true,"_links":{"self":[{"href":"https:\/\/oexpressobr.com.br\/index.php?rest_route=\/wp\/v2\/posts\/3103","targetHints":{"allow":["GET"]}}],"collection":[{"href":"https:\/\/oexpressobr.com.br\/index.php?rest_route=\/wp\/v2\/posts"}],"about":[{"href":"https:\/\/oexpressobr.com.br\/index.php?rest_route=\/wp\/v2\/types\/post"}],"author":[{"embeddable":true,"href":"https:\/\/oexpressobr.com.br\/index.php?rest_route=\/wp\/v2\/users\/1"}],"replies":[{"embeddable":true,"href":"https:\/\/oexpressobr.com.br\/index.php?rest_route=%2Fwp%2Fv2%2Fcomments&post=3103"}],"version-history":[{"count":1,"href":"https:\/\/oexpressobr.com.br\/index.php?rest_route=\/wp\/v2\/posts\/3103\/revisions"}],"predecessor-version":[{"id":3105,"href":"https:\/\/oexpressobr.com.br\/index.php?rest_route=\/wp\/v2\/posts\/3103\/revisions\/3105"}],"wp:featuredmedia":[{"embeddable":true,"href":"https:\/\/oexpressobr.com.br\/index.php?rest_route=\/wp\/v2\/media\/3104"}],"wp:attachment":[{"href":"https:\/\/oexpressobr.com.br\/index.php?rest_route=%2Fwp%2Fv2%2Fmedia&parent=3103"}],"wp:term":[{"taxonomy":"category","embeddable":true,"href":"https:\/\/oexpressobr.com.br\/index.php?rest_route=%2Fwp%2Fv2%2Fcategories&post=3103"},{"taxonomy":"post_tag","embeddable":true,"href":"https:\/\/oexpressobr.com.br\/index.php?rest_route=%2Fwp%2Fv2%2Ftags&post=3103"}],"curies":[{"name":"wp","href":"https:\/\/api.w.org\/{rel}","templated":true}]}}