{"id":3106,"date":"2026-02-02T19:57:34","date_gmt":"2026-02-02T22:57:34","guid":{"rendered":"https:\/\/oexpressobr.com.br\/?p=3106"},"modified":"2026-02-03T00:43:43","modified_gmt":"2026-02-03T03:43:43","slug":"acusada-pelo-8-de-janeiro-e-presa-no-parana-apos-romper-tornozeleira-e-fugir-para-a-argentina","status":"publish","type":"post","link":"https:\/\/oexpressobr.com.br\/?p=3106","title":{"rendered":"Acusada pelo 8 de janeiro \u00e9 presa no Paran\u00e1 ap\u00f3s romper tornozeleira e fugir para a Argentina"},"content":{"rendered":"\n<p class=\"wp-block-paragraph\">Uma mulher condenada por participa\u00e7\u00e3o nos ataques \u00e0s sedes dos Tr\u00eas Poderes, em 8 de janeiro de 2023, foi presa nesta segunda-feira (2) em S\u00e3o Jos\u00e9 dos Pinhais, na Regi\u00e3o Metropolitana de Curitiba. A captura ocorreu no momento em que a foragida tentava emitir uma nova c\u00e9dula de identidade (RG) em um posto de atendimento local.<\/p>\n\n\n\n<p class=\"wp-block-paragraph\">\u200bA suspeita era considerada foragida da Justi\u00e7a brasileira ap\u00f3s ter rompido a tornozeleira eletr\u00f4nica e buscado ref\u00fagio na Argentina. Segundo informa\u00e7\u00f5es preliminares, ela teria retornado clandestinamente ao Brasil e tentava obter o novo documento para facilitar sua circula\u00e7\u00e3o e ocultar sua real identidade.<\/p>\n\n\n\n<p class=\"wp-block-paragraph\">\u200b<strong>Fuga e movimenta\u00e7\u00f5es na Argentina<\/strong><\/p>\n\n\n\n<p class=\"wp-block-paragraph\">A detida faz parte de um grupo de dezenas de brasileiros que cruzaram a fronteira em dire\u00e7\u00e3o ao pa\u00eds vizinho ao longo de 2024 e 2025, na esperan\u00e7a de obter asilo pol\u00edtico sob o governo de Javier Milei. No entanto, a situa\u00e7\u00e3o dos foragidos do 8 de janeiro na Argentina sofreu reviravoltas recentes. Em dezembro de 2025, a Justi\u00e7a argentina autorizou a extradi\u00e7\u00e3o de v\u00e1rios brasileiros, e o Comit\u00ea Nacional para Refugiados (Conare) local passou a negar pedidos de ref\u00fagio, colaborando com as ordens de pris\u00e3o expedidas pelo Supremo Tribunal Federal (STF).<\/p>\n\n\n\n<p class=\"wp-block-paragraph\">\u200b<strong>A pris\u00e3o no Paran\u00e1<\/strong><\/p>\n\n\n\n<p class=\"wp-block-paragraph\">A identifica\u00e7\u00e3o da acusada foi poss\u00edvel gra\u00e7as ao sistema de intelig\u00eancia da Pol\u00edcia Civil do Paran\u00e1 integrado aos bancos de dados nacionais. Ao inserir os dados para a renova\u00e7\u00e3o do RG, o sistema acusou o mandado de pris\u00e3o preventiva em aberto expedido pelo ministro Alexandre de Moraes, do STF.<\/p>\n\n\n\n<p class=\"wp-block-paragraph\">\u200bAl\u00e9m da ordem de pris\u00e3o por descumprimento de medidas cautelares e pela condena\u00e7\u00e3o original, a investigada teve bens bloqueados e contas banc\u00e1rias congeladas por determina\u00e7\u00e3o judicial.<\/p>\n\n\n\n<p class=\"wp-block-paragraph\">\u200b<strong>Pr\u00f3ximos passos<\/strong><\/p>\n\n\n\n<p class=\"wp-block-paragraph\">Ap\u00f3s a pris\u00e3o, a mulher foi encaminhada para exames de corpo de delito e transferida para o sistema prisional paranaense. Ela deve permanecer \u00e0 disposi\u00e7\u00e3o do STF, que decidir\u00e1 sobre sua transfer\u00eancia para Bras\u00edlia.<\/p>\n\n\n\n<p class=\"wp-block-paragraph\">\u200bO caso refor\u00e7a o cerco aos condenados que tentaram escapar das penas impostas pela Corte brasileira. Estima-se que mais de 60 pessoas ligadas aos atos golpistas ainda estejam em solo estrangeiro, mas a coopera\u00e7\u00e3o internacional e o monitoramento em \u00f3rg\u00e3os de identifica\u00e7\u00e3o t\u00eam resultado em recapturas sucessivas nos \u00faltimos meses.<\/p>\n","protected":false},"excerpt":{"rendered":"<p>Uma mulher condenada por participa\u00e7\u00e3o nos ataques \u00e0s sedes dos Tr\u00eas Poderes, em 8 de janeiro de 2023, foi presa nesta segunda-feira (2) em S\u00e3o [&#8230;]<\/p>\n","protected":false},"author":1,"featured_media":3145,"comment_status":"open","ping_status":"open","sticky":false,"template":"","format":"standard","meta":{"_crdt_document":"","_jetpack_memberships_contains_paid_content":false,"footnotes":"","jetpack_publicize_message":"","jetpack_publicize_feature_enabled":true,"jetpack_social_post_already_shared":true,"jetpack_social_options":{"image_generator_settings":{"template":"highway","default_image_id":0,"font":"","enabled":false},"version":2}},"categories":[9],"tags":[],"class_list":["post-3106","post","type-post","status-publish","format-standard","has-post-thumbnail","hentry","category-policia"],"jetpack_publicize_connections":[],"jetpack_featured_media_url":"https:\/\/i0.wp.com\/oexpressobr.com.br\/wp-content\/uploads\/2026\/02\/8-sw-janeiro.webp?fit=400%2C356&ssl=1","jetpack_likes_enabled":true,"jetpack_sharing_enabled":true,"_links":{"self":[{"href":"https:\/\/oexpressobr.com.br\/index.php?rest_route=\/wp\/v2\/posts\/3106","targetHints":{"allow":["GET"]}}],"collection":[{"href":"https:\/\/oexpressobr.com.br\/index.php?rest_route=\/wp\/v2\/posts"}],"about":[{"href":"https:\/\/oexpressobr.com.br\/index.php?rest_route=\/wp\/v2\/types\/post"}],"author":[{"embeddable":true,"href":"https:\/\/oexpressobr.com.br\/index.php?rest_route=\/wp\/v2\/users\/1"}],"replies":[{"embeddable":true,"href":"https:\/\/oexpressobr.com.br\/index.php?rest_route=%2Fwp%2Fv2%2Fcomments&post=3106"}],"version-history":[{"count":1,"href":"https:\/\/oexpressobr.com.br\/index.php?rest_route=\/wp\/v2\/posts\/3106\/revisions"}],"predecessor-version":[{"id":3108,"href":"https:\/\/oexpressobr.com.br\/index.php?rest_route=\/wp\/v2\/posts\/3106\/revisions\/3108"}],"wp:featuredmedia":[{"embeddable":true,"href":"https:\/\/oexpressobr.com.br\/index.php?rest_route=\/wp\/v2\/media\/3145"}],"wp:attachment":[{"href":"https:\/\/oexpressobr.com.br\/index.php?rest_route=%2Fwp%2Fv2%2Fmedia&parent=3106"}],"wp:term":[{"taxonomy":"category","embeddable":true,"href":"https:\/\/oexpressobr.com.br\/index.php?rest_route=%2Fwp%2Fv2%2Fcategories&post=3106"},{"taxonomy":"post_tag","embeddable":true,"href":"https:\/\/oexpressobr.com.br\/index.php?rest_route=%2Fwp%2Fv2%2Ftags&post=3106"}],"curies":[{"name":"wp","href":"https:\/\/api.w.org\/{rel}","templated":true}]}}